{"id":5103,"date":"2023-06-08T00:57:35","date_gmt":"2023-06-07T23:57:35","guid":{"rendered":"https:\/\/alicanteabout.com\/?p=5103"},"modified":"2026-03-06T23:31:46","modified_gmt":"2026-03-06T23:31:46","slug":"lagerfeuer-in-alicante-ein-leitfaden-fur-das-fest-der-hogueras-de-san-juan","status":"publish","type":"post","link":"https:\/\/alicanteabout.com\/de\/festivals\/alicante-bonfires-a-guide-to-the-hogueras-de-san-juan-festival\/","title":{"rendered":"Lagerfeuer in Alicante - Ein Leitfaden f\u00fcr das Festival Hogueras de San Juan"},"content":{"rendered":"<p>W\u00e4hrend <em>Las Hogueras de San Juan<\/em> -oder den Johannisfeuern- ist jeder willkommen, ein besonderes Mittsommerfest mit ungew\u00f6hnlichen Veranstaltungen und Aktivit\u00e4ten zu feiern.<\/p>\n\n\n<div class=\"wp-block-image\">\n<figure class=\"aligncenter size-large\"><img loading=\"lazy\" decoding=\"async\" width=\"576\" height=\"1024\" src=\"https:\/\/alicanteabout.com\/wp-content\/uploads\/2023\/06\/hoguera_in_alicante-576x1024.jpg\" alt=\"\" class=\"wp-image-5140\" srcset=\"https:\/\/alicanteabout.com\/wp-content\/uploads\/2023\/06\/hoguera_in_alicante-576x1024.jpg 576w, https:\/\/alicanteabout.com\/wp-content\/uploads\/2023\/06\/hoguera_in_alicante-169x300.jpg 169w, https:\/\/alicanteabout.com\/wp-content\/uploads\/2023\/06\/hoguera_in_alicante.jpg 720w\" sizes=\"auto, (max-width: 576px) 100vw, 576px\" \/><figcaption class=\"wp-element-caption\">Montage einer Hoguera in Alicante<\/figcaption><\/figure>\n<\/div>\n\n\n<p><em>Las Hogueras de San Juan<\/em> -Lagerfeuer des Heiligen Johannes- ist ein <strong>Festival in <a href=\"https:\/\/alicanteabout.com\/de\/orte\/wo-liegt-alicante-spanien\/\">Alicante<\/a> mit gigantischen Freudenfeuern aus satirischen Skulpturen gefeiert<\/strong>Party, B\u00f6llersch\u00fcsse, Wasser, Musik, Traditionen, Essen und Sonne. <strong>Am 19. Juni werden die Lagerfeuer errichtet und in der Nacht zum 24. Juni verbrannt.<\/strong><\/p>\n\n\n\n<div class=\"wp-block-buttons is-layout-flex wp-block-buttons-is-layout-flex\">\n<div class=\"wp-block-button\"><a class=\"wp-block-button__link has-text-align-center wp-element-button\" href=\"https:\/\/alicanteabout.com\/de\/feste\/lagerfeuer-in-alicante-ein-leitfaden-fur-das-fest-der-hogueras-de-san-juan\/\">Hogueras 2024 Zeitplan<\/a><\/div>\n<\/div>\n\n\n\n<div class=\"wp-block-buttons is-layout-flex wp-block-buttons-is-layout-flex\">\n<div class=\"wp-block-button\"><a class=\"wp-block-button__link has-text-align-center wp-element-button\" href=\"https:\/\/alicanteabout.com\/de\/transport\/alicante-strasenbahn-preise-fahrplane-strecken\/#hogueras\">Fahrplan der Stra\u00dfenbahn Alicante 2024<\/a><\/div>\n<\/div>\n\n\n\n<p>Es gibt viel zu wissen \u00fcber das Lagerfeuerfest, das nach Geschichte und Traditionen, aber auch mit vielen Partys gefeiert wird.<\/p>\n\n\n\n<h2 class=\"wp-block-heading\">Die Freudenfeuer<\/h2>\n\n\n\n<p>Die Hauptattraktion der <em>Las Hogueras<\/em> (oder <em>Les Foguers<\/em> in <em>Valenciano<\/em>) -The Bonfires- sind die eigentlichen Lagerfeuer. <\/p>\n\n\n\n<p>In Alicante, dem <em>hogueras<\/em> sind satirische Skulpturen aus brennbarem Material. In der Regel handelt es sich um eine Mischung aus Holz, wei\u00dfem Kork, Pappe und anderen Materialien, die leicht verbrannt werden k\u00f6nnen.<\/p>\n\n\n\n<figure class=\"wp-block-image size-large is-resized\"><img loading=\"lazy\" decoding=\"async\" width=\"768\" height=\"1024\" src=\"https:\/\/alicanteabout.com\/wp-content\/uploads\/2023\/06\/big-hoguera-in-alicante-768x1024.jpg\" alt=\"\" class=\"wp-image-5152\" style=\"width:768px;height:1024px\" srcset=\"https:\/\/alicanteabout.com\/wp-content\/uploads\/2023\/06\/big-hoguera-in-alicante-768x1024.jpg 768w, https:\/\/alicanteabout.com\/wp-content\/uploads\/2023\/06\/big-hoguera-in-alicante-225x300.jpg 225w, https:\/\/alicanteabout.com\/wp-content\/uploads\/2023\/06\/big-hoguera-in-alicante-1152x1536.jpg 1152w, https:\/\/alicanteabout.com\/wp-content\/uploads\/2023\/06\/big-hoguera-in-alicante-1536x2048.jpg 1536w, https:\/\/alicanteabout.com\/wp-content\/uploads\/2023\/06\/big-hoguera-in-alicante-scaled.jpg 1920w\" sizes=\"auto, (max-width: 768px) 100vw, 768px\" \/><figcaption class=\"wp-element-caption\">Eine gro\u00dfe Hoguera in Alicante, so hoch wie mehrere Stockwerke<\/figcaption><\/figure>\n\n\n\n<p>Es gibt Hunderte von Lagerfeuern in der ganzen Stadt - nicht nur im Stadtzentrum - verteilt. Jedes <em>Hoguera<\/em> hat ein eigenes Hauptthema und mehrere Unterthemen in den kleineren Figuren und Dioramen. Die Themen k\u00f6nnen Politik, aktuelle Angelegenheiten - wie Kriege oder globale Erw\u00e4rmung - oder Gesundheit sein, um nur einige Beispiele zu nennen. Der Ansatz der Kunstvermittlung ist in der Regel satirisch.<\/p>\n\n\n\n<p>Die <em>Hogueras<\/em> werden von Nachbarn bezahlt, die mit Barracas oder Racos verbunden sind (mehr dazu weiter unten), mit Ausnahme des Lagerfeuers im Rathaus -<em>Hoguera Oficial<\/em>- die mit Steuergeldern bezahlt wird.<\/p>\n\n\n\n<blockquote class=\"tiktok-embed\" cite=\"https:\/\/www.tiktok.com\/@alicanteabout\/video\/7376800013801786656\" data-video-id=\"7376800013801786656\" style=\"max-width: 605px;min-width: 325px;\" > <section> <a target=\"_blank\" title=\"@alicanteabout\" href=\"https:\/\/www.tiktok.com\/@alicanteabout?refer=embed\" rel=\"noopener\">@alicanteabout<\/a> Die <a title=\"hogueras\" target=\"_blank\" href=\"https:\/\/www.tiktok.com\/tag\/hogueras?refer=embed\" rel=\"noopener\">#hogueras<\/a> Festival in <a title=\"alicante\" target=\"_blank\" href=\"https:\/\/www.tiktok.com\/tag\/alicante?refer=embed\" rel=\"noopener\">#alicante<\/a> findet jedes Jahr zwischen dem 19. und dem 24. Juni statt. In der letzten Nacht vom 24. auf den 25. Juni werden gro\u00dfe Denkm\u00e4ler verbrannt. Aber es gibt noch viel mehr \u00fcber Hogueras. Schreiben Sie mir eine Nachricht oder gehen Sie auf Https:\/\/alicanteabout.com\/hogueras, um mehr zu erfahren! <a title=\"hogueras\" target=\"_blank\" href=\"https:\/\/www.tiktok.com\/tag\/hogueras?refer=embed\" rel=\"noopener\">#hogueras<\/a> <a title=\"hogueras2024\" target=\"_blank\" href=\"https:\/\/www.tiktok.com\/tag\/hogueras2024?refer=embed\" rel=\"noopener\">#hogueras2024<\/a>  <a title=\"alicante\" target=\"_blank\" href=\"https:\/\/www.tiktok.com\/tag\/alicante?refer=embed\" rel=\"noopener\">#alicante<\/a>  <a title=\"tiktokpoll\" target=\"_blank\" href=\"https:\/\/www.tiktok.com\/tag\/tiktokpoll?refer=embed\" rel=\"noopener\">#tiktokpoll<\/a> <a target=\"_blank\" title=\"\u266c Originalton - AlicanteAbout.com\" href=\"https:\/\/www.tiktok.com\/music\/original-sound-7376800061096725281?refer=embed\" rel=\"noopener\">\u266c Originalton - AlicanteAbout.com<\/a> <\/section> <\/blockquote> <script async src=\"https:\/\/www.tiktok.com\/embed.js\"><\/script>\n\n\n\n<h3 class=\"wp-block-heading\"><em>Hogueras Infantiles<\/em><\/h3>\n\n\n\n<p>Die <em>Hogueras Infantiles<\/em> -Kinderfeuer- sind die kleineren Feuer in der N\u00e4he der gro\u00dfen Lagerfeuer. Jedes <em>barraca<\/em> oder raco (Nachbarschaftsverb\u00e4nde) m\u00fcssen eine <em>hoguera<\/em> auch f\u00fcr die Kinder.<\/p>\n\n\n<div class=\"wp-block-image\">\n<figure class=\"aligncenter size-large\"><img loading=\"lazy\" decoding=\"async\" width=\"1024\" height=\"768\" src=\"https:\/\/alicanteabout.com\/wp-content\/uploads\/2023\/06\/hoguera-infantil-florida-1024x768.jpg\" alt=\"\" class=\"wp-image-5274\" srcset=\"https:\/\/alicanteabout.com\/wp-content\/uploads\/2023\/06\/hoguera-infantil-florida-1024x768.jpg 1024w, https:\/\/alicanteabout.com\/wp-content\/uploads\/2023\/06\/hoguera-infantil-florida-300x225.jpg 300w, https:\/\/alicanteabout.com\/wp-content\/uploads\/2023\/06\/hoguera-infantil-florida-768x576.jpg 768w, https:\/\/alicanteabout.com\/wp-content\/uploads\/2023\/06\/hoguera-infantil-florida-1536x1152.jpg 1536w, https:\/\/alicanteabout.com\/wp-content\/uploads\/2023\/06\/hoguera-infantil-florida-2048x1536.jpg 2048w\" sizes=\"auto, (max-width: 1024px) 100vw, 1024px\" \/><figcaption class=\"wp-element-caption\">Lagerfeuer f\u00fcr Kinder in der Nachbarschaft von Florida<\/figcaption><\/figure>\n<\/div>\n\n\n<p>Dies ist eine gute M\u00f6glichkeit, die Jugendlichen in die Feierlichkeiten einzubeziehen, da die Vereine auch eine Figur namens <em>Bellea<\/em> -Sch\u00f6nheit- und die Bellea Infantil -oder Kindersch\u00f6nheit-, die eine Schl\u00fcsselrolle in den Traditionen spielen, zum Beispiel, indem sie den Funken bringen, der das Lagerfeuer am letzten Tag des Festes entz\u00fcndet. Mehr dazu finden Sie weiter unten.<\/p>\n\n\n\n<p>Am letzten Tag des Festes werden die Lagerfeuer von den Feuerwehrleuten in einer Veranstaltung verbrannt, die <em>La Banja<\/em> und - wieder einmal - mehr davon weiter unten.<\/p>\n\n\n\n<h3 class=\"wp-block-heading\"><em>Hogueras<\/em> Kategorien<\/h3>\n\n\n\n<p>Jede <em>Hoguera<\/em> Denkmal ist in einer Kategorie auf der Grundlage des Budgets und andere Merkmale. Die beeindruckendsten Freudenfeuer k\u00f6nnen so hoch sein wie ein 3- oder 4-st\u00f6ckiges Geb\u00e4ude und sie sind <em>Categoria Especial<\/em> oder eine besondere Kategorie.<\/p>\n\n\n\n<p>In der Regel gibt es 6 Kategorien plus die Sonderkategorie, also insgesamt 7. Sie konkurrieren mit den anderen Denkm\u00e4lern in ihren Kategorien. Die <em>Hoguera<\/em> im Rathaus wird mit Steuergeldern bezahlt und ist so gro\u00df wie ein <em>Hoguera Especial<\/em> nimmt aber nicht an dem Wettbewerb teil.<\/p>\n\n\n\n<p>Das folgende Foto ist ein Beispiel f\u00fcr eine besondere Kategorie <em>hoguera<\/em>:<\/p>\n\n\n<div class=\"wp-block-image\">\n<figure class=\"aligncenter size-large\"><img loading=\"lazy\" decoding=\"async\" width=\"768\" height=\"1024\" src=\"https:\/\/alicanteabout.com\/wp-content\/uploads\/2023\/07\/first-category-hoguera-alicante-768x1024.jpg\" alt=\"\" class=\"wp-image-5356\" srcset=\"https:\/\/alicanteabout.com\/wp-content\/uploads\/2023\/07\/first-category-hoguera-alicante-768x1024.jpg 768w, https:\/\/alicanteabout.com\/wp-content\/uploads\/2023\/07\/first-category-hoguera-alicante-225x300.jpg 225w, https:\/\/alicanteabout.com\/wp-content\/uploads\/2023\/07\/first-category-hoguera-alicante-1152x1536.jpg 1152w, https:\/\/alicanteabout.com\/wp-content\/uploads\/2023\/07\/first-category-hoguera-alicante-1536x2048.jpg 1536w, https:\/\/alicanteabout.com\/wp-content\/uploads\/2023\/07\/first-category-hoguera-alicante-scaled.jpg 1920w\" sizes=\"auto, (max-width: 768px) 100vw, 768px\" \/><figcaption class=\"wp-element-caption\">Sonderkategorie Hoguera in Alicante<\/figcaption><\/figure>\n<\/div>\n\n\n<p>Im Vergleich zu einem Beispiel eines anderen Erwachsenen <em>hoguera<\/em> der 5. Kategorie:<\/p>\n\n\n\n<figure class=\"wp-block-image size-large\"><img loading=\"lazy\" decoding=\"async\" width=\"1024\" height=\"768\" src=\"https:\/\/alicanteabout.com\/wp-content\/uploads\/2023\/07\/5th-category-hogura-alicante-1024x768.jpg\" alt=\"\" class=\"wp-image-5357\" srcset=\"https:\/\/alicanteabout.com\/wp-content\/uploads\/2023\/07\/5th-category-hogura-alicante-1024x768.jpg 1024w, https:\/\/alicanteabout.com\/wp-content\/uploads\/2023\/07\/5th-category-hogura-alicante-300x225.jpg 300w, https:\/\/alicanteabout.com\/wp-content\/uploads\/2023\/07\/5th-category-hogura-alicante-768x576.jpg 768w, https:\/\/alicanteabout.com\/wp-content\/uploads\/2023\/07\/5th-category-hogura-alicante-1536x1152.jpg 1536w, https:\/\/alicanteabout.com\/wp-content\/uploads\/2023\/07\/5th-category-hogura-alicante-2048x1536.jpg 2048w\" sizes=\"auto, (max-width: 1024px) 100vw, 1024px\" \/><figcaption class=\"wp-element-caption\"><em>Hoguera<\/em> in der 5. Kategorie in Alicante<\/figcaption><\/figure>\n\n\n\n<p>Es ist klar, dass der Gr\u00f6\u00dfenunterschied und damit auch die Erstellungskosten unterschiedlich sind, aber die Kategorie folgt der gleichen Logik.<\/p>\n\n\n\n<p>Am 20. Juni werden alle <em>hogueras<\/em> m\u00fcssen die Montage beenden -<em>la planta<\/em>- und am 22. Juni findet die Preisverleihung statt.<\/p>\n\n\n\n<figure class=\"wp-block-image size-large is-resized\"><img loading=\"lazy\" decoding=\"async\" width=\"1024\" height=\"768\" src=\"https:\/\/alicanteabout.com\/wp-content\/uploads\/2023\/07\/achieved-prices-hoguera-alicante-1024x768.jpg\" alt=\"\" class=\"wp-image-5388\" style=\"width:840px;height:630px\" srcset=\"https:\/\/alicanteabout.com\/wp-content\/uploads\/2023\/07\/achieved-prices-hoguera-alicante-1024x768.jpg 1024w, https:\/\/alicanteabout.com\/wp-content\/uploads\/2023\/07\/achieved-prices-hoguera-alicante-300x225.jpg 300w, https:\/\/alicanteabout.com\/wp-content\/uploads\/2023\/07\/achieved-prices-hoguera-alicante-768x576.jpg 768w, https:\/\/alicanteabout.com\/wp-content\/uploads\/2023\/07\/achieved-prices-hoguera-alicante-1536x1152.jpg 1536w, https:\/\/alicanteabout.com\/wp-content\/uploads\/2023\/07\/achieved-prices-hoguera-alicante-2048x1536.jpg 2048w\" sizes=\"auto, (max-width: 1024px) 100vw, 1024px\" \/><figcaption class=\"wp-element-caption\">Banner mit den Preisen, die von einem <em>Hoguera<\/em> in Alicante<\/figcaption><\/figure>\n\n\n\n<p>Wie Sie aus dem obigen Bild ersehen k\u00f6nnen, gewinnt jeder Hoguera-Komitee verschiedene Preise: der beste <em>hoguera <\/em>(wohl der wichtigste Preis), die satirischen Kritiker in den Denkm\u00e4lern, die besten Kinderb\u00fccher <em>hogueras<\/em> oder die beste Stra\u00dfenbeleuchtung, um nur einige zu nennen.<\/p>\n\n\n\n<p>Die Stadtverwaltung betreibt einen Bus, der alle <em>kategorie spezial hogueras<\/em> w\u00e4hrend der Festwoche, die kostenlos ist. Einige Haltestellen sind nur wenige Minuten von der <em>hoguera<\/em> w\u00e4hrend andere sehr nahe daran sind.<\/p>\n\n\n\n<h2 class=\"wp-block-heading\"><em>Barracas<\/em>, <em>Racos<\/em> und <em><strong>La Fiesta<\/strong><\/em><\/h2>\n\n\n\n<p><em>Hogueras<\/em> sind \u00fcber die <strong>Partei<\/strong>so dass neben jedem <em>hoguera<\/em> Denkmal, gibt es ein <em>Barraca<\/em> oder <em>Raco<\/em>die \u00e4hnlich sind und beide allgemein als <em>Barraca<\/em>.<\/p>\n\n\n\n<p>Beide finden in der Mitte der Stra\u00dfen statt. Die Stra\u00dfen werden f\u00fcr Autos gesperrt, so dass die Mitglieder mit ihren Freunden an Tischen sitzen k\u00f6nnen, um zu essen und zu trinken, zu DJ- oder Band-Musik zu tanzen und die Festlichkeiten gemeinsam zu genie\u00dfen.<\/p>\n\n\n<div class=\"wp-block-image\">\n<figure class=\"aligncenter size-large\"><img loading=\"lazy\" decoding=\"async\" width=\"1024\" height=\"768\" src=\"https:\/\/alicanteabout.com\/wp-content\/uploads\/2023\/07\/entrance-to-barraca-1024x768.jpg\" alt=\"\" class=\"wp-image-5353\" srcset=\"https:\/\/alicanteabout.com\/wp-content\/uploads\/2023\/07\/entrance-to-barraca-1024x768.jpg 1024w, https:\/\/alicanteabout.com\/wp-content\/uploads\/2023\/07\/entrance-to-barraca-300x225.jpg 300w, https:\/\/alicanteabout.com\/wp-content\/uploads\/2023\/07\/entrance-to-barraca-768x576.jpg 768w, https:\/\/alicanteabout.com\/wp-content\/uploads\/2023\/07\/entrance-to-barraca-1536x1152.jpg 1536w, https:\/\/alicanteabout.com\/wp-content\/uploads\/2023\/07\/entrance-to-barraca-2048x1536.jpg 2048w\" sizes=\"auto, (max-width: 1024px) 100vw, 1024px\" \/><figcaption class=\"wp-element-caption\">Eingang zu einer Barraca Durng <em>Hogueras<\/em> Alicante<\/figcaption><\/figure>\n<\/div>\n\n\n<p>Der Unterschied zwischen <em>barracas<\/em> und <em>racos<\/em> ist die Art der Mitgliedschaft in der <em>hoguera<\/em> Vereinigung. W\u00e4hrend <em>Barracas<\/em> Mitglieder nehmen das ganze Jahr \u00fcber an <em>Hogueras'<\/em> Ereignisse und Entscheidungen, die <em>Raco's<\/em> Die Mitglieder nehmen nur w\u00e4hrend der Haupttage vom 19. bis 24. Juni an der Party teil.<\/p>\n\n\n\n<p>Au\u00dferdem sind viele <em>barracas<\/em> eingez\u00e4unt sind und der Zugang irgendwie gesch\u00fctzt ist, w\u00e4hrend <em>racos<\/em> stehen jedem offen, der sich auf die Tanzfl\u00e4che begibt - aber nicht an den Tisch, da Sie und Ihre Freunde eine Tischmiete zahlen m\u00fcssen.<\/p>\n\n\n\n<p>Um noch mehr Verwirrung zu stiften, sind nicht alle <em>racos<\/em> haben Esstische, sind also im Wesentlichen Musikclubs.<\/p>\n\n\n<div class=\"wp-block-image\">\n<figure class=\"aligncenter size-large\"><img loading=\"lazy\" decoding=\"async\" width=\"1024\" height=\"768\" src=\"https:\/\/alicanteabout.com\/wp-content\/uploads\/2023\/07\/free-raco-1024x768.jpg\" alt=\"\" class=\"wp-image-5364\" srcset=\"https:\/\/alicanteabout.com\/wp-content\/uploads\/2023\/07\/free-raco-1024x768.jpg 1024w, https:\/\/alicanteabout.com\/wp-content\/uploads\/2023\/07\/free-raco-300x225.jpg 300w, https:\/\/alicanteabout.com\/wp-content\/uploads\/2023\/07\/free-raco-768x576.jpg 768w, https:\/\/alicanteabout.com\/wp-content\/uploads\/2023\/07\/free-raco-1536x1152.jpg 1536w, https:\/\/alicanteabout.com\/wp-content\/uploads\/2023\/07\/free-raco-2048x1536.jpg 2048w\" sizes=\"auto, (max-width: 1024px) 100vw, 1024px\" \/><figcaption class=\"wp-element-caption\">Freier Eintritt <em>raco<\/em> in Alicante <em>Hogueras<\/em><\/figcaption><\/figure>\n<\/div>\n\n\n<p>Barracas haben auch sch\u00f6ne und kunstvolle Eing\u00e4nge, die in der letzten Nacht des Jahres auch verbrannt werden. <em>Hogueras<\/em>.<\/p>\n\n\n\n<h3 class=\"wp-block-heading\"><em>Wo ist also <strong>La Fiesta<\/strong> W\u00e4hrend Hogueras?<\/em><\/h3>\n\n\n\n<p><strong><em>La Fiesta<\/em> findet \u00fcberall in Alicante statt.<\/strong> Die Stra\u00dfen sind f\u00fcr Autos gesperrt. <em>racos<\/em> und <em>barracas<\/em> tauchen buchst\u00e4blich \u00fcberall in der Stadt auf. Das Zentrum ist der Ort, an dem eine gr\u00f6\u00dfere Konzentration von <em>Fiesta<\/em> in <em>barracas<\/em> und <em>racos<\/em> geschieht.<\/p>\n\n\n\n<p>Wir sagten bereits, dass die <em>racos<\/em> sind f\u00fcr jedermann zug\u00e4nglich. Es gibt mehrere <em>racos<\/em> mit Genehmigung des Rathauses f\u00fcr jedermann in Alicante zug\u00e4nglich sind, aber einige wenige k\u00f6nnen eine Eintrittsgeb\u00fchr verlangen.<\/p>\n\n\n\n<p>Zum Beispiel, in <em><a href=\"https:\/\/goo.gl\/maps\/fXifNLWUFTnuXYE99\" target=\"_blank\" rel=\"noreferrer noopener\">Avenida de Federico Soto<\/a><\/em>In der Regel gibt es einen f\u00fcr alle offenen Raco mit Pachanga, einer auf Festivals h\u00e4ufig geh\u00f6rten spanischen Musik. Wenn Sie m\u00f6gen <em>Drum and Bass<\/em> die <em>raco<\/em> vor <a href=\"https:\/\/goo.gl\/maps\/8Vh7eHAT6DVdyqqi7\" target=\"_blank\" rel=\"noreferrer noopener\">Bomberos<\/a> spielt diese Art von Musik die ganze Nacht. <\/p>\n\n\n\n<h2 class=\"wp-block-heading\" id=\"mascleta\"><em>Las Mascletas<\/em><\/h2>\n\n\n\n<p>A <em inert=\"true\">Mascleta<\/em> ist ein 5:30 bis 7 Minuten langes Tonspektakel, das haupts\u00e4chlich auf lauten pyrotechnischen Knallk\u00f6rpern basiert. In Alicante gibt es eine Show <strong>jeden Tag um 14 Uhr<\/strong> unter <a inert=\"true\" href=\"https:\/\/goo.gl\/maps\/WyiXHb2oSwYrzmXdA\"><em>Plaza de los Luceros<\/em><\/a> w\u00e4hrend <em inert=\"true\">Hogueras<\/em>. Die verschiedenen Pyrotechnikfirmen konkurrieren in einem Wettbewerb, bei dem unter anderem die Menge und die Art der Knallk\u00f6rper sowie der Rhythmus der Z\u00fcndung bewertet werden.<\/p>\n\n\n\n<p><em>Mascletas<\/em> kann sehr laut sein, und manche fliegenden Knallk\u00f6rper sind noch kilometerweit entfernt zu h\u00f6ren. <em>Luceros<\/em>. Stra\u00dfen rund um den <em>Platz<\/em> W\u00e4hrend des Spektakels ist in der Regel sehr viel los und es ist ziemlich laut. F\u00fcr Neueinsteiger kann es etwas \u00fcberw\u00e4ltigend sein, vor allem, wenn der Wind den Pulverrauch zu Ihnen bringt. <\/p>\n\n\n\n<p>Wenn es Ihr erstes Projekt sein soll <em>Mascleta<\/em> und Sie etwas l\u00e4rmempfindlich sind, ist es am besten, wenn Sie es aus der Ferne beobachten und h\u00f6ren. Ein guter Ort zum Beobachten der <em>Mascleta<\/em> wo es weniger \u00fcberw\u00e4ltigend ist, ist auf <em><a href=\"https:\/\/goo.gl\/maps\/2wot1sEke3eAfPMu8\" target=\"_blank\" rel=\"noreferrer noopener\">Escaleras de Jorge Juan<\/a><\/em>.<\/p>\n\n\n\n<figure class=\"wp-block-embed is-type-video is-provider-youtube wp-block-embed-youtube wp-embed-aspect-16-9 wp-has-aspect-ratio\"><div class=\"wp-block-embed__wrapper\">\n<iframe loading=\"lazy\" title=\"Mascleta Hogueras Festival von Escaleras Jorge Juan\" width=\"500\" height=\"281\" src=\"https:\/\/www.youtube.com\/embed\/WcC9BKzy0xQ?feature=oembed\" frameborder=\"0\" allow=\"accelerometer; autoplay; clipboard-write; encrypted-media; gyroscope; picture-in-picture; web-share\" referrerpolicy=\"strict-origin-when-cross-origin\" allowfullscreen><\/iframe>\n<\/div><figcaption class=\"wp-element-caption\">Mascleta von Escaleras del Jorge Juan<\/figcaption><\/figure>\n\n\n\n<h2 class=\"wp-block-heading\">La <em>Crema<\/em> und <em>la Palmera<\/em><\/h2>\n\n\n\n<p>In der letzten Nacht des Festes, am 24. Juni, findet das Abbrennen der Freudenfeuer statt. Dies wird als <em>La Crema<\/em> oder \"die Verbrennung\".<\/p>\n\n\n\n<p>Die <em>Crema<\/em> beginnt offiziell am 24. um 12 Uhr, so dass die <strong>Nacht vom 24. auf den 25.<\/strong>. Ein Feuerwerk aus <a href=\"https:\/\/alicanteabout.com\/de\/orte\/santa-barbara-burg-alicante-aufzug-fus-auto-bus-tipps\/\">Schloss Santa Barbara<\/a> mit der Form einer Palme gibt den offiziellen Startschuss f\u00fcr die La <em>Crema<\/em>.<\/p>\n\n\n<div class=\"wp-block-image\">\n<figure class=\"aligncenter size-large\"><img loading=\"lazy\" decoding=\"async\" width=\"1024\" height=\"768\" src=\"https:\/\/alicanteabout.com\/wp-content\/uploads\/2023\/07\/palmera-hogueras-1024x768.jpg\" alt=\"\" class=\"wp-image-5301\" srcset=\"https:\/\/alicanteabout.com\/wp-content\/uploads\/2023\/07\/palmera-hogueras-1024x768.jpg 1024w, https:\/\/alicanteabout.com\/wp-content\/uploads\/2023\/07\/palmera-hogueras-300x225.jpg 300w, https:\/\/alicanteabout.com\/wp-content\/uploads\/2023\/07\/palmera-hogueras-768x576.jpg 768w, https:\/\/alicanteabout.com\/wp-content\/uploads\/2023\/07\/palmera-hogueras-1536x1152.jpg 1536w, https:\/\/alicanteabout.com\/wp-content\/uploads\/2023\/07\/palmera-hogueras-2048x1536.jpg 2048w\" sizes=\"auto, (max-width: 1024px) 100vw, 1024px\" \/><figcaption class=\"wp-element-caption\">Palme, die die Verbrennung der Hogueras einleitet - vom Mercado <a href=\"https:\/\/alicanteabout.com\/de\/transport\/alicante-strasenbahn-preise-fahrplane-strecken\/\">Stra\u00dfenbahnhaltestelle<\/a>-<\/figcaption><\/figure>\n<\/div>\n\n\n<p>Dieser Moment weckt Erwartungen. Die Menschen finden in der Regel einen Ort, an dem die <em>palmera<\/em> zu sehen ist. Hunderte von Menschen gruppieren sich um Orte wie <em>Mercado<\/em>, <em>Jorge Juan<\/em> oder <a href=\"https:\/\/alicanteabout.com\/de\/orte\/strande\/postiguet-strand-alicante\/\">Postiguet Strand<\/a> zu sehen, damit sie einen klaren und direkten Blick auf <a href=\"https:\/\/alicanteabout.com\/de\/orte\/santa-barbara-burg-alicante-aufzug-fus-auto-bus-tipps\/\">Burg von Santa Barbara<\/a>. <em>La Palmera<\/em> ist ein besonderes und bedeutungsvolles Ereignis: eine gigantische - und wundersch\u00f6ne - Palme, die aus <a href=\"https:\/\/alicanteabout.com\/de\/orte\/santa-barbara-burg-alicante-aufzug-fus-auto-bus-tipps\/\">Schloss Santa Barbara<\/a> was der Anfang vom Ende der <em>Hogueras<\/em> Festspiele.<\/p>\n\n\n\n<p>Denken Sie an dieses verg\u00e4ngliche Symbol, das gr\u00fcnes Licht f\u00fcr die Verbrennung der <em>Hogueras<\/em>. Die Palme selbst dauert etwa 15 Sekunden.<\/p>\n\n\n\n<h3 class=\"wp-block-heading\"><em>La Crema<\/em> -The Burning-<\/h3>\n\n\n\n<p><em>La Crema<\/em> findet in der Nacht vom 24. auf den 25. Juni statt.<\/p>\n\n\n\n<p>Die erste <em>hogueras<\/em> die verbrannt werden sollen, sind die <em>Hoguera Oficial<\/em> auf dem Rathausplatz von Alicante und einigen anderen <em>hogueras<\/em> im Stadtzentrum.<\/p>\n\n\n<div class=\"wp-block-image\">\n<figure class=\"aligncenter size-large\"><img loading=\"lazy\" decoding=\"async\" width=\"1024\" height=\"768\" src=\"https:\/\/alicanteabout.com\/wp-content\/uploads\/2023\/07\/crema-of-bonfire-alicante-1024x768.jpg\" alt=\"\" class=\"wp-image-5339\" srcset=\"https:\/\/alicanteabout.com\/wp-content\/uploads\/2023\/07\/crema-of-bonfire-alicante-1024x768.jpg 1024w, https:\/\/alicanteabout.com\/wp-content\/uploads\/2023\/07\/crema-of-bonfire-alicante-300x225.jpg 300w, https:\/\/alicanteabout.com\/wp-content\/uploads\/2023\/07\/crema-of-bonfire-alicante-768x576.jpg 768w, https:\/\/alicanteabout.com\/wp-content\/uploads\/2023\/07\/crema-of-bonfire-alicante-1536x1152.jpg 1536w, https:\/\/alicanteabout.com\/wp-content\/uploads\/2023\/07\/crema-of-bonfire-alicante-2048x1536.jpg 2048w\" sizes=\"auto, (max-width: 1024px) 100vw, 1024px\" \/><figcaption class=\"wp-element-caption\"><em>Crema<\/em> von Bonfire in <em>Hogueras<\/em> Festspiele Alicante<\/figcaption><\/figure>\n<\/div>\n\n\n<p>Die gesamte <em>hogueras<\/em> Die Br\u00e4nde werden von den Feuerwehrleuten kontrolliert. Solange sie nicht bereit sind, wird der Brand nicht provoziert. Die <em>hoguera<\/em> Ausschuss bereitet die Verbrennung mit Benzin und einem <em>trac<\/em>oder eine Kette von Feuerwerksk\u00f6rpern, die von der Person gez\u00fcndet wird <em>Bellea<\/em>, mehr \u00fcber <em>Belleas<\/em> steht unten.<\/p>\n\n\n<div class=\"wp-block-image\">\n<figure class=\"aligncenter size-large\"><img loading=\"lazy\" decoding=\"async\" width=\"1024\" height=\"768\" src=\"https:\/\/alicanteabout.com\/wp-content\/uploads\/2023\/07\/firefighters-controling-hoguera-burning-alicante-1024x768.jpg\" alt=\"\" class=\"wp-image-5343\" srcset=\"https:\/\/alicanteabout.com\/wp-content\/uploads\/2023\/07\/firefighters-controling-hoguera-burning-alicante-1024x768.jpg 1024w, https:\/\/alicanteabout.com\/wp-content\/uploads\/2023\/07\/firefighters-controling-hoguera-burning-alicante-300x225.jpg 300w, https:\/\/alicanteabout.com\/wp-content\/uploads\/2023\/07\/firefighters-controling-hoguera-burning-alicante-768x576.jpg 768w, https:\/\/alicanteabout.com\/wp-content\/uploads\/2023\/07\/firefighters-controling-hoguera-burning-alicante-1536x1152.jpg 1536w, https:\/\/alicanteabout.com\/wp-content\/uploads\/2023\/07\/firefighters-controling-hoguera-burning-alicante-2048x1536.jpg 2048w\" sizes=\"auto, (max-width: 1024px) 100vw, 1024px\" \/><figcaption class=\"wp-element-caption\">Feuerwehrleute, die das Feuer in der Hoguera kontrollieren<\/figcaption><\/figure>\n<\/div>\n\n\n<p>Die Lagerfeuer der Kinder oder <em>Hogueras Infantiles<\/em> k\u00f6nnen zu einem anderen Zeitpunkt ohne Aufsicht der Feuerwehr verbrannt werden, da sie viel kleiner sind.<\/p>\n\n\n\n<p>F\u00fcr die Verbrennung sind in der Regel 3 Umdrehungen vorgesehen, je nach <em>Hoguera<\/em> Kategorie und Ort. Der Zeitplan wird nach bestem Wissen und Gewissen erstellt, und es ist \u00fcblich, dass man aufgrund von Verz\u00f6gerungen auf die Verbrennung warten muss. Sicherheit geht vor.<\/p>\n\n\n\n<h3 class=\"wp-block-heading\">La Banja<\/h3>\n\n\n\n<p>Dies ist eine Tradition, die w\u00e4hrend der <em>Crema<\/em>.<\/p>\n\n\n\n<p><em>Hogueras<\/em> kann gro\u00df sein und im Juni ist es in Alicante warm, sogar um Mitternacht. Nachdem sich die Feuerwehrleute vergewissert haben, dass das Feuer sicher ist, helfen sie den Zuschauern, sich abzuk\u00fchlen, indem sie ihnen Wasser direkt aus den Schl\u00e4uchen des Fahrzeugs zuwerfen.<\/p>\n\n\n<div class=\"wp-block-image\">\n<figure class=\"aligncenter size-large\"><img loading=\"lazy\" decoding=\"async\" width=\"1024\" height=\"768\" src=\"https:\/\/alicanteabout.com\/wp-content\/uploads\/2023\/07\/banya-hogueras-alicante-1024x768.jpg\" alt=\"\" class=\"wp-image-5346\" srcset=\"https:\/\/alicanteabout.com\/wp-content\/uploads\/2023\/07\/banya-hogueras-alicante-1024x768.jpg 1024w, https:\/\/alicanteabout.com\/wp-content\/uploads\/2023\/07\/banya-hogueras-alicante-300x225.jpg 300w, https:\/\/alicanteabout.com\/wp-content\/uploads\/2023\/07\/banya-hogueras-alicante-768x576.jpg 768w, https:\/\/alicanteabout.com\/wp-content\/uploads\/2023\/07\/banya-hogueras-alicante-1536x1152.jpg 1536w, https:\/\/alicanteabout.com\/wp-content\/uploads\/2023\/07\/banya-hogueras-alicante-2048x1536.jpg 2048w\" sizes=\"auto, (max-width: 1024px) 100vw, 1024px\" \/><figcaption class=\"wp-element-caption\">Kinder, Jugendliche und Erwachsene genie\u00dfen die <em>Banya<\/em> <\/figcaption><\/figure>\n<\/div>\n\n\n<p>An dieser Tradition nehmen Menschen jeden Alters teil, von kleinen Kindern \u00fcber Jugendliche bis hin zu Erwachsenen. Wenn Sie mitfeiern, werden Sie am Ende der Crema mit Wasser getr\u00e4nkt... dann k\u00f6nnen Sie einfach zum n\u00e4chsten brennenden Lagerfeuer gehen und den Vorgang ein paar Stunden lang wiederholen.<\/p>\n\n\n\n<p>Es ist von alicantinischem Fachwissen, die Brennzeiten der verschiedenen <em>hogueras<\/em> -erinnern Sie sich daran, dass die Feuerwehrleute zuerst das offizielle und das zentrale Lagerfeuer abbrennen-, um von einem <em>Banya<\/em> von einem Ort zum anderen, um die Wartezeit und die Entfernung zu begrenzen, besonders wenn man jung ist.<\/p>\n\n\n\n<h2 class=\"wp-block-heading\"><em>Las Belleas<\/em><\/h2>\n\n\n\n<p><em>Las Belleas<\/em> -oder die Sch\u00f6nheiten- sind M\u00e4dchen und Frauen, die offiziell jede <em>raco<\/em> Kommission. Das ganze Jahr \u00fcber gibt es verschiedene Aktionen, bei denen ein <em>bellea<\/em> gew\u00e4hlt - zwischen jedem <em>hogueras<\/em> Ausschuss- zur Vertretung der <em>Hogueras<\/em> Festival in der Stadt und halten den Titel des <em>Bellesa del Foc<\/em> oder die Sch\u00f6nheit des Feuers. Es gibt zwei <em>belleas<\/em> jedes Jahr, die <em>bellea<\/em> <em>infantil<\/em> -oder Kindersachen <em>bellea<\/em>- und der Erwachsene <em>bellea<\/em>.<\/p>\n\n\n\n<figure class=\"wp-block-image size-large\"><img loading=\"lazy\" decoding=\"async\" width=\"1024\" height=\"768\" src=\"https:\/\/alicanteabout.com\/wp-content\/uploads\/2023\/06\/belleas_hoguera_oficial_planta-1024x768.jpg\" alt=\"\" class=\"wp-image-5188\" srcset=\"https:\/\/alicanteabout.com\/wp-content\/uploads\/2023\/06\/belleas_hoguera_oficial_planta-1024x768.jpg 1024w, https:\/\/alicanteabout.com\/wp-content\/uploads\/2023\/06\/belleas_hoguera_oficial_planta-300x225.jpg 300w, https:\/\/alicanteabout.com\/wp-content\/uploads\/2023\/06\/belleas_hoguera_oficial_planta-768x576.jpg 768w, https:\/\/alicanteabout.com\/wp-content\/uploads\/2023\/06\/belleas_hoguera_oficial_planta-1536x1152.jpg 1536w, https:\/\/alicanteabout.com\/wp-content\/uploads\/2023\/06\/belleas_hoguera_oficial_planta-2048x1536.jpg 2048w\" sizes=\"auto, (max-width: 1024px) 100vw, 1024px\" \/><figcaption class=\"wp-element-caption\"><em>Belleas<\/em> unter <em>Hoguera Oficial <\/em>in der Montage des Rathauses von Allicante<\/figcaption><\/figure>\n\n\n\n<p>Es gibt auch andere M\u00e4dchen, die die <em>Bellea<\/em> zu verschiedenen Handlungen. Sie werden genannt <em>Damas de Honor<\/em> da sie nicht ausgew\u00e4hlt wurden als <em>Bellesa del Foc<\/em> aber dennoch an vielen repr\u00e4sentativen Aktionen teilnehmen.<\/p>\n\n\n\n<p>Alle <em>belleas<\/em> eines jeden <em>hoguera<\/em> Das Komitee hat verschiedene Aufgaben, wobei eine der dramatischsten das Entz\u00fcnden des Feuers ist, das in der letzten Nacht des Festes das Lagerfeuer entz\u00fcnden wird.<\/p>\n\n\n\n<p>Der ausgew\u00e4hlte Erwachsene <em>bellea<\/em> die f\u00fcr alle <em>hogueras<\/em> hei\u00dft <em>Bellea del Foc<\/em> -oder die Sch\u00f6nheit des Feuers- und hat viele andere Funktionen, wie z.B. das gr\u00fcne Licht f\u00fcr den Start des <em>Mascletas<\/em> oder die Teilnahme an der <em>desperta<\/em> -eine Blaskapelle, die traditionelle Musik spielt, w\u00e4hrend sie durch die Stra\u00dfen von Alicante zieht, um die Nachbarn zu wecken, damit sie fr\u00fch mitfeiern k\u00f6nnen-.<\/p>\n\n\n\n<p>Belleas tragen in der Regel traditionelle alicantinische Trachten. Sie k\u00f6nnen sich diese auf der Website <a href=\"https:\/\/www.hogueras.es\/belleses-del-foc\/\" target=\"_blank\" rel=\"noreferrer noopener\"><em>hoguera's <\/em>Website<\/a>.<\/p>\n\n\n\n<h2 class=\"wp-block-heading\">Transport und \u00f6ffentliche Verkehrsmittel w\u00e4hrend Hogueras<\/h2>\n\n\n\n<p>W\u00e4hrend der Hogueras-Woche - vom 18. Juni bis zum 24. Juni, 7 Uhr morgens - ist das Stadtzentrum f\u00fcr den Autoverkehr gesperrt. Nur Rettungsfahrzeuge und Anwohner k\u00f6nnen durch einige Bereiche und Stra\u00dfen fahren.<\/p>\n\n\n<div class=\"wp-block-image\">\n<figure class=\"aligncenter size-full\"><img loading=\"lazy\" decoding=\"async\" width=\"541\" height=\"406\" src=\"https:\/\/alicanteabout.com\/wp-content\/uploads\/2023\/06\/trafic_closures_hogueras_2023.jpg\" alt=\"\" class=\"wp-image-5227\" srcset=\"https:\/\/alicanteabout.com\/wp-content\/uploads\/2023\/06\/trafic_closures_hogueras_2023.jpg 541w, https:\/\/alicanteabout.com\/wp-content\/uploads\/2023\/06\/trafic_closures_hogueras_2023-300x225.jpg 300w\" sizes=\"auto, (max-width: 541px) 100vw, 541px\" \/><figcaption class=\"wp-element-caption\">Das Gebiet von Alicante, das w\u00e4hrend der Hogueras f\u00fcr den Verkehr gesperrt ist, ist gelb markiert<\/figcaption><\/figure>\n<\/div>\n\n\n<p>Die <a href=\"https:\/\/alicanteabout.com\/de\/transport\/alicante-bus-preise-fahrplane-strecken\/\">Busdienst<\/a> auch im gr\u00f6\u00dften Teil des Stadtzentrums nicht zirkulieren k\u00f6nnen, nur <a href=\"https:\/\/alicanteabout.com\/de\/transport\/alicante-strasenbahn-preise-fahrplane-strecken\/\">TRAM<\/a> gibt es noch in der U-Bahn-Station Mercado und Luceros. Aber denken Sie daran, dass Luceros w\u00e4hrend der Ferien geschlossen ist. <em>Mascleta<\/em>s.<\/p>\n\n\n\n<p>W\u00e4hrend der Hogueras haben sowohl die TRAM-Z\u00fcge als auch die Busse Sonderfahrpl\u00e4ne.<\/p>\n\n\n\n<p>Das Rathaus bietet einen kostenlosen Service mit Haltestellen in der N\u00e4he jedes der <em>Hoguear Especiales<\/em> So ist es einfach, die spektakul\u00e4rsten Skulpturen zu besichtigen.<\/p>\n\n\n\n<h3 class=\"wp-block-heading\">TRAM-Dienst in Hogueras<\/h3>\n\n\n\n<p>Die TRAM-Zuglinien in Alicante haben einen speziellen Nachtfahrplan w\u00e4hrend <em>Hogueras und die <\/em>Nachtfeuerwerkswoche.<\/p>\n\n\n\n<p><a href=\"https:\/\/alicanteabout.com\/de\/transport\/alicante-strasenbahn-preise-fahrplane-strecken\/#hogueras\">Pr\u00fcfen Sie alle Informationen \u00fcber den Sonderfahrplan der Stra\u00dfenbahn f\u00fcr <em>Hogueras<\/em> in diesem Link.<\/a><\/p>\n\n\n\n<p>Denken Sie daran, dass der Bahnhof Luceros w\u00e4hrend der Ferien geschlossen ist. <em>Mascletas<\/em> (von 13.30 Uhr bis 14.20 Uhr, 19.-24. Juni) und jeden Abend gibt es besondere Gottesdienste w\u00e4hrend <em>Hogueras<\/em> und Feuerwerkswochen.<\/p>\n\n\n\n<h3 class=\"wp-block-heading\">Bus Mia Sonderservice f\u00fcr <em>Hogueras<\/em><\/h3>\n\n\n\n<p>Die meisten Buslinien werden durch die Sperrungen umgeleitet, und die zentralen Bushaltestellen werden in verkehrsberuhigte Teile der Stadt verlegt, z. B. <a href=\"https:\/\/goo.gl\/maps\/ATswJqnNZbMjFyvF9\">Oscar Espla<\/a> und<a href=\"https:\/\/goo.gl\/maps\/3zHvkXqBPz9eEQoQ7\"> Puerta del Mar<\/a>.<\/p>\n\n\n\n<p>Es gibt auch einen speziellen Rundgang - und kostenlosen Service w\u00e4hrend <em>Hogueras<\/em> um alle Denkm\u00e4ler der Sonderkategorie zu besuchen.<\/p>\n\n\n<div class=\"wp-block-image\">\n<figure class=\"aligncenter size-full\"><img loading=\"lazy\" decoding=\"async\" width=\"550\" height=\"389\" src=\"https:\/\/alicanteabout.com\/wp-content\/uploads\/2023\/06\/hogueras-especiales-circular-bus.jpg\" alt=\"\" class=\"wp-image-5238\" srcset=\"https:\/\/alicanteabout.com\/wp-content\/uploads\/2023\/06\/hogueras-especiales-circular-bus.jpg 550w, https:\/\/alicanteabout.com\/wp-content\/uploads\/2023\/06\/hogueras-especiales-circular-bus-300x212.jpg 300w\" sizes=\"auto, (max-width: 550px) 100vw, 550px\" \/><figcaption class=\"wp-element-caption\">Busrundfahrt f\u00fcr Hogueras Especiales<\/figcaption><\/figure>\n<\/div>\n\n\n<h2 class=\"wp-block-heading\">Knallbonbons als Tradition w\u00e4hrend <em>Hogueras<\/em><\/h2>\n\n\n\n<p>Kinder und Jugendliche in der Schule beenden den Unterricht kurz vor dem <em>hogueras<\/em> beginnen in der Nacht des 19. Juni.<\/p>\n\n\n\n<p>Das Fest wird von Kindern mit ihren Eltern und Gro\u00dfeltern, Jugendlichen, Erwachsenengruppen und im Grunde von allen Altersgruppen und Lebensumst\u00e4nden gemeinsam gefeiert. Diese Art, Feste zu feiern, ist in Spanien weit verbreitet.<\/p>\n\n\n\n<p>Etwas, das vielleicht schockierend ist, ist die Tradition der Knallk\u00f6rper. Kinder spielen buchst\u00e4blich mit kleinen Crackern, die sie mit Feuerzeugen oder Dochten zum Explodieren bringen.<\/p>\n\n\n<div class=\"wp-block-image\">\n<figure class=\"aligncenter size-large\"><img loading=\"lazy\" decoding=\"async\" width=\"1024\" height=\"768\" src=\"https:\/\/alicanteabout.com\/wp-content\/uploads\/2023\/07\/petarderia-in-alicante-1024x768.jpg\" alt=\"\" class=\"wp-image-5369\" srcset=\"https:\/\/alicanteabout.com\/wp-content\/uploads\/2023\/07\/petarderia-in-alicante-1024x768.jpg 1024w, https:\/\/alicanteabout.com\/wp-content\/uploads\/2023\/07\/petarderia-in-alicante-300x225.jpg 300w, https:\/\/alicanteabout.com\/wp-content\/uploads\/2023\/07\/petarderia-in-alicante-768x576.jpg 768w, https:\/\/alicanteabout.com\/wp-content\/uploads\/2023\/07\/petarderia-in-alicante-1536x1152.jpg 1536w, https:\/\/alicanteabout.com\/wp-content\/uploads\/2023\/07\/petarderia-in-alicante-2048x1536.jpg 2048w\" sizes=\"auto, (max-width: 1024px) 100vw, 1024px\" \/><figcaption class=\"wp-element-caption\">Verkaufsstand der Crakers w\u00e4hrend der Hogueras in Alicante. In der N\u00e4he <a href=\"https:\/\/alicanteabout.com\/de\/transport\/alles-uber-den-bahnhof-von-alicante\/\">Der Bahnhof von Alicante<\/a><\/figcaption><\/figure>\n<\/div>\n\n\n<p>Normalerweise werden sie von den Eltern beaufsichtigt, aber nicht immer. Seien Sie sich dessen bewusst. Die meisten Knallk\u00f6rper sind klein und k\u00f6nnen nicht viel Schaden anrichten, wenn sie in K\u00f6rpern\u00e4he explodieren, aber sie sind trotzdem laut und k\u00f6nnen Angst machen. Es kann vorkommen, dass Kinder die Knallk\u00f6rper mitten auf der Stra\u00dfe explodieren lassen.<\/p>\n\n\n\n<h2 class=\"wp-block-heading\">Die Woche der Mitternachtsfeuerwerke: Nach dem <em>Crema<\/em><\/h2>\n\n\n\n<p>Vom 25. bis zum 29. gibt es um Mitternacht jede Nacht um 12 Uhr ein Feuerwerk von etwa 15 Minuten Dauer.<\/p>\n\n\n\n<p>Im Gegensatz zu den <em>Mascletas<\/em>Das Feuerwerk konzentriert sich auf Farben und sch\u00f6ne Formen, wie sie in vielen L\u00e4ndern und Filmen zu sehen sind.<\/p>\n\n\n<div class=\"wp-block-image\">\n<figure class=\"aligncenter size-large\"><img loading=\"lazy\" decoding=\"async\" width=\"1024\" height=\"768\" src=\"https:\/\/alicanteabout.com\/wp-content\/uploads\/2023\/07\/fireworks-postiguet-alicante-1024x768.jpg\" alt=\"\" class=\"wp-image-5370\" srcset=\"https:\/\/alicanteabout.com\/wp-content\/uploads\/2023\/07\/fireworks-postiguet-alicante-1024x768.jpg 1024w, https:\/\/alicanteabout.com\/wp-content\/uploads\/2023\/07\/fireworks-postiguet-alicante-300x225.jpg 300w, https:\/\/alicanteabout.com\/wp-content\/uploads\/2023\/07\/fireworks-postiguet-alicante-768x576.jpg 768w, https:\/\/alicanteabout.com\/wp-content\/uploads\/2023\/07\/fireworks-postiguet-alicante-1536x1152.jpg 1536w, https:\/\/alicanteabout.com\/wp-content\/uploads\/2023\/07\/fireworks-postiguet-alicante-2048x1536.jpg 2048w\" sizes=\"auto, (max-width: 1024px) 100vw, 1024px\" \/><figcaption class=\"wp-element-caption\">Feuerwerk bei <a href=\"https:\/\/alicanteabout.com\/de\/orte\/strande\/postiguet-strand-alicante\/\">Der Strand Postiguet in Alicante<\/a> nach <em>Crema<\/em> Nacht<\/figcaption><\/figure>\n<\/div>\n\n\n<p>Die besten Orte, um das Feuerwerk zu sehen, sind <a href=\"https:\/\/alicanteabout.com\/de\/orte\/strande\/postiguet-strand-alicante\/\"><em>El Postiguet<\/em> Strand<\/a> und einige Stellen in <em><a href=\"https:\/\/goo.gl\/maps\/PqtXZfqfbo4n5UZu5\" target=\"_blank\" rel=\"noreferrer noopener\">Serra Grossa<\/a><\/em> und <em><a href=\"https:\/\/goo.gl\/maps\/yiTCY3c2ec8EzcuL6\" target=\"_blank\" rel=\"noreferrer noopener\">Avenida de Villajoyosa<\/a><\/em><a href=\"https:\/\/goo.gl\/maps\/yiTCY3c2ec8EzcuL6\"> Stra\u00dfe<\/a>.<\/p>\n\n\n\n<p>Das Feuerwerk wird abgefeuert von <em><a href=\"https:\/\/goo.gl\/maps\/3ZMGDDv3UkJitw9e9\">El Coco<\/a><\/em>am Ende von <a href=\"https:\/\/alicanteabout.com\/de\/orte\/strande\/postiguet-strand-alicante\/\"><em>Postiguet<\/em> Strand<\/a>.<\/p>\n\n\n\n<h2 class=\"wp-block-heading\">Tief eintauchen <em>Hogueras<\/em>: Was sonst noch beim Bonfires Festival passiert<\/h2>\n\n\n\n<p><em>Hoguras de San Juan<\/em> in Alicante ist ein wichtiges Ereignis in der Stadt. Die Veranstaltungen rund um das Fest finden das ganze Jahr \u00fcber statt, aber w\u00e4hrend der 5 Tage des Festes gibt es noch mehr. Zum Beispiel:<\/p>\n\n\n\n<ul class=\"wp-block-list\">\n<li><em>belleas<\/em> Wahlen<\/li>\n\n\n\n<li><em>pregon<\/em><\/li>\n\n\n\n<li>Paraden und Umz\u00fcge<\/li>\n<\/ul>\n\n\n\n<h3 class=\"wp-block-heading\"><em>Cabalgata del Ninot<\/em> Oder <em>Ninot<\/em> Parade<\/h3>\n\n\n\n<p><em>La Cablagata del Ninot<\/em> -<em>Ninot<\/em> Parade- findet am <strong>10. Juni<\/strong> jedes Jahr. Ein farbenfroher Umzug, bei dem jeder <em>Hogueras<\/em> Auftragsparaden, getarnt in Bezug auf ein von ihnen gew\u00e4hltes Thema.<\/p>\n\n\n\n<figure class=\"wp-block-image size-full\"><img loading=\"lazy\" decoding=\"async\" width=\"779\" height=\"584\" src=\"https:\/\/alicanteabout.com\/wp-content\/uploads\/2023\/06\/ninot-parade-alicante.jpg\" alt=\"\" class=\"wp-image-5169\" srcset=\"https:\/\/alicanteabout.com\/wp-content\/uploads\/2023\/06\/ninot-parade-alicante.jpg 779w, https:\/\/alicanteabout.com\/wp-content\/uploads\/2023\/06\/ninot-parade-alicante-300x225.jpg 300w, https:\/\/alicanteabout.com\/wp-content\/uploads\/2023\/06\/ninot-parade-alicante-768x576.jpg 768w\" sizes=\"auto, (max-width: 779px) 100vw, 779px\" \/><figcaption class=\"wp-element-caption\">Ninot-Parade in Alicante<\/figcaption><\/figure>\n\n\n\n<p>Jede <em>Hoguera<\/em> wetteifern miteinander um einen Preis. Die Teilnehmer sind Personen aus der <em>Hogueras<\/em> Es handelt sich um eine Familienveranstaltung, an der viele Kinder, Eltern und \u00e4ltere Generationen teilnehmen.<\/p>\n\n\n<div class=\"wp-block-image\">\n<figure class=\"aligncenter size-full\"><img loading=\"lazy\" decoding=\"async\" width=\"601\" height=\"451\" src=\"https:\/\/alicanteabout.com\/wp-content\/uploads\/2023\/06\/ninot-parade-alicante-with-children.jpg\" alt=\"\" class=\"wp-image-5173\" srcset=\"https:\/\/alicanteabout.com\/wp-content\/uploads\/2023\/06\/ninot-parade-alicante-with-children.jpg 601w, https:\/\/alicanteabout.com\/wp-content\/uploads\/2023\/06\/ninot-parade-alicante-with-children-300x225.jpg 300w\" sizes=\"auto, (max-width: 601px) 100vw, 601px\" \/><figcaption class=\"wp-element-caption\">Kinder nehmen an der Parade El Ninot in Alicante teil<\/figcaption><\/figure>\n<\/div>\n\n\n<p>Die Parade geht normalerweise von <a href=\"https:\/\/goo.gl\/maps\/seFJA4H2D6Fgextr9\">Lucros-Platz<\/a> zu <a href=\"https:\/\/alicanteabout.com\/de\/orte\/wo-liegt-alicante-spanien\/\">Alicante<\/a>'s <a href=\"https:\/\/goo.gl\/maps\/HMe4mqRPWAeMBpcNA\">rathaus<\/a>.<\/p>\n\n\n\n<h3 class=\"wp-block-heading\"><em>La Planta<\/em><\/h3>\n\n\n\n<p><em>La Planta <\/em>ist ein im Kalender festgelegter Tag, an dem alle <em>Hogueras<\/em> Denkm\u00e4ler m\u00fcssen fertig montiert werden: die <strong>19. Juni um 00:01 Uhr<\/strong>also in der Nacht vom 18. auf den 19. Juni.<\/p>\n\n\n\n<figure class=\"wp-block-image size-large\"><img loading=\"lazy\" decoding=\"async\" width=\"1024\" height=\"768\" src=\"https:\/\/alicanteabout.com\/wp-content\/uploads\/2023\/06\/planta-hogura-oficial-2023-1024x768.jpg\" alt=\"\" class=\"wp-image-5185\" srcset=\"https:\/\/alicanteabout.com\/wp-content\/uploads\/2023\/06\/planta-hogura-oficial-2023-1024x768.jpg 1024w, https:\/\/alicanteabout.com\/wp-content\/uploads\/2023\/06\/planta-hogura-oficial-2023-300x225.jpg 300w, https:\/\/alicanteabout.com\/wp-content\/uploads\/2023\/06\/planta-hogura-oficial-2023-768x576.jpg 768w, https:\/\/alicanteabout.com\/wp-content\/uploads\/2023\/06\/planta-hogura-oficial-2023-1536x1152.jpg 1536w, https:\/\/alicanteabout.com\/wp-content\/uploads\/2023\/06\/planta-hogura-oficial-2023-2048x1536.jpg 2048w\" sizes=\"auto, (max-width: 1024px) 100vw, 1024px\" \/><figcaption class=\"wp-element-caption\">Erste St\u00fccke von Hoguera Oficial<\/figcaption><\/figure>\n\n\n\n<p><em>Hogueras<\/em> sind komplizierte Strukturen und bestehen immer aus verschiedenen Teilen, die zusammengef\u00fcgt werden m\u00fcssen. Abgesehen von den Hauptbauteilen gibt es noch so viel mehr, wie zum Beispiel <em>ninots<\/em>Dekoration, Beleuchtung und Gewichte, um alles aufrechtzuerhalten... Eine Plantage mit den gr\u00f6\u00dften <em>hogueras<\/em> dauert mehrere Tage.<\/p>\n\n\n\n<h3 class=\"wp-block-heading\"><em>Entrada de Bandas<\/em> oder Bands Parade<\/h3>\n\n\n\n<p>Auf der <strong>17. Juni<\/strong>, <em>Entrada de Bandas<\/em> Die Parade zeigt alle <em>hogueras<\/em> Komitees oder Vereinigungen, die in traditionellen alicantinischen Anz\u00fcgen und Kleidern gekleidet sind. Es gibt auch sie Blaskapelle mit jedem Ausschuss.<\/p>\n\n\n<div class=\"wp-block-image\">\n<figure class=\"aligncenter size-large\"><img loading=\"lazy\" decoding=\"async\" width=\"1024\" height=\"768\" src=\"https:\/\/alicanteabout.com\/wp-content\/uploads\/2023\/07\/entrada-de-bandas-alicante-1024x768.jpg\" alt=\"\" class=\"wp-image-5406\" srcset=\"https:\/\/alicanteabout.com\/wp-content\/uploads\/2023\/07\/entrada-de-bandas-alicante-1024x768.jpg 1024w, https:\/\/alicanteabout.com\/wp-content\/uploads\/2023\/07\/entrada-de-bandas-alicante-300x225.jpg 300w, https:\/\/alicanteabout.com\/wp-content\/uploads\/2023\/07\/entrada-de-bandas-alicante-768x576.jpg 768w, https:\/\/alicanteabout.com\/wp-content\/uploads\/2023\/07\/entrada-de-bandas-alicante-1536x1152.jpg 1536w, https:\/\/alicanteabout.com\/wp-content\/uploads\/2023\/07\/entrada-de-bandas-alicante-2048x1536.jpg 2048w\" sizes=\"auto, (max-width: 1024px) 100vw, 1024px\" \/><figcaption class=\"wp-element-caption\"><em>Entrada de Bandas<\/em> Parade in Alicante<\/figcaption><\/figure>\n<\/div>\n\n\n<p>Diese Parade ist eine gute Gelegenheit, die traditionelle Kleidung der Region zu sehen.<\/p>\n\n\n\n<h3 class=\"wp-block-heading\"><em>Ofrenda de Flores<\/em> - Blumenopfer<\/h3>\n\n\n\n<p><em>La Ofrenda de Flores<\/em> oder das Blumenopfer findet an zwei verschiedenen Tagen statt: am 21. und 22.<\/p>\n\n\n\n<p>Dies ist eine lange Tradition in <em>Hogueras<\/em> -mit religi\u00f6sem Hintergrund- wo jeder <em>hoguera<\/em> Der Ausschuss bringt der Jungfrau der Heilmittel Blumen. Diese Jungfrau ist die Schutzpatronin der Stadt Alicante und die Blumen werden ihr als Symbol der Dankbarkeit dargebracht.<\/p>\n\n\n<div class=\"wp-block-image\">\n<figure class=\"aligncenter size-large\"><img loading=\"lazy\" decoding=\"async\" width=\"1024\" height=\"768\" src=\"https:\/\/alicanteabout.com\/wp-content\/uploads\/2023\/07\/flowers-for-virgen-del-remedio-alicante-1024x768.jpg\" alt=\"\" class=\"wp-image-5425\" srcset=\"https:\/\/alicanteabout.com\/wp-content\/uploads\/2023\/07\/flowers-for-virgen-del-remedio-alicante-1024x768.jpg 1024w, https:\/\/alicanteabout.com\/wp-content\/uploads\/2023\/07\/flowers-for-virgen-del-remedio-alicante-300x225.jpg 300w, https:\/\/alicanteabout.com\/wp-content\/uploads\/2023\/07\/flowers-for-virgen-del-remedio-alicante-768x576.jpg 768w, https:\/\/alicanteabout.com\/wp-content\/uploads\/2023\/07\/flowers-for-virgen-del-remedio-alicante-1536x1152.jpg 1536w, https:\/\/alicanteabout.com\/wp-content\/uploads\/2023\/07\/flowers-for-virgen-del-remedio-alicante-2048x1536.jpg 2048w\" sizes=\"auto, (max-width: 1024px) 100vw, 1024px\" \/><figcaption class=\"wp-element-caption\">Blumen in der Co-Kathedrale San Nicolas f\u00fcr die Jungfrau der Heilmittel, Schutzpatronin der <a href=\"https:\/\/alicanteabout.com\/de\/alicante\/\">Alicante Stadt<\/a><\/figcaption><\/figure>\n<\/div>\n\n\n<p>Die Parade endet in der Kathedrale San Nicolas in Alicante und kann die Blumen f\u00fcr den Rest des Tages besuchen. <em>Hogueras<\/em> Festlichkeit.<\/p>\n\n\n\n<h3 class=\"wp-block-heading\"><em>Desfile Folcl\u00f3rico Internacional<\/em> - Internationale Folkloreparade<\/h3>\n\n\n\n<p>Auf der <strong>23. Juni<\/strong> ist die International Folk Parade, ein Schaufenster f\u00fcr traditionelle Volkskleidung, T\u00e4nze und Musik aus verschiedenen Teilen der Welt. <a href=\"https:\/\/alicanteabout.com\/de\/orte\/wo-liegt-alicante-spanien\/\">Provinz Alicante<\/a> und Region, das \u00fcbrige Spanien und die Gastl\u00e4nder.<\/p>\n\n\n\n<p>In der Provinz Alicante ist es zum Beispiel \u00fcblich, die Feste der Mauren und der Christen zu feiern:<\/p>\n\n\n<div class=\"wp-block-image\">\n<figure class=\"aligncenter size-large\"><img loading=\"lazy\" decoding=\"async\" width=\"1024\" height=\"768\" src=\"https:\/\/alicanteabout.com\/wp-content\/uploads\/2023\/07\/moros-y-cristianos-fok-parade-alicante-1024x768.jpg\" alt=\"\" class=\"wp-image-5414\" srcset=\"https:\/\/alicanteabout.com\/wp-content\/uploads\/2023\/07\/moros-y-cristianos-fok-parade-alicante-1024x768.jpg 1024w, https:\/\/alicanteabout.com\/wp-content\/uploads\/2023\/07\/moros-y-cristianos-fok-parade-alicante-300x225.jpg 300w, https:\/\/alicanteabout.com\/wp-content\/uploads\/2023\/07\/moros-y-cristianos-fok-parade-alicante-768x576.jpg 768w, https:\/\/alicanteabout.com\/wp-content\/uploads\/2023\/07\/moros-y-cristianos-fok-parade-alicante-1536x1152.jpg 1536w, https:\/\/alicanteabout.com\/wp-content\/uploads\/2023\/07\/moros-y-cristianos-fok-parade-alicante-2048x1536.jpg 2048w\" sizes=\"auto, (max-width: 1024px) 100vw, 1024px\" \/><figcaption class=\"wp-element-caption\">Die Mauren und die Christen bei der Folkloreparade in Alicante<\/figcaption><\/figure>\n<\/div>\n\n\n<p>In der Region ist es auch \u00fcblich, dass <em>los cabezudos<\/em> oder \"der Gro\u00dfk\u00f6pfige\" bei verschiedenen Festen:<\/p>\n\n\n\n<figure class=\"wp-block-image size-large\"><img loading=\"lazy\" decoding=\"async\" width=\"1024\" height=\"768\" src=\"https:\/\/alicanteabout.com\/wp-content\/uploads\/2023\/07\/cabezudos-folk-parade-alicante-1024x768.jpg\" alt=\"\" class=\"wp-image-5415\" srcset=\"https:\/\/alicanteabout.com\/wp-content\/uploads\/2023\/07\/cabezudos-folk-parade-alicante-1024x768.jpg 1024w, https:\/\/alicanteabout.com\/wp-content\/uploads\/2023\/07\/cabezudos-folk-parade-alicante-300x225.jpg 300w, https:\/\/alicanteabout.com\/wp-content\/uploads\/2023\/07\/cabezudos-folk-parade-alicante-768x576.jpg 768w, https:\/\/alicanteabout.com\/wp-content\/uploads\/2023\/07\/cabezudos-folk-parade-alicante-1536x1152.jpg 1536w, https:\/\/alicanteabout.com\/wp-content\/uploads\/2023\/07\/cabezudos-folk-parade-alicante-2048x1536.jpg 2048w\" sizes=\"auto, (max-width: 1024px) 100vw, 1024px\" \/><figcaption class=\"wp-element-caption\">Cabezudos bei der Folkloreparade in Alicante<\/figcaption><\/figure>\n\n\n\n<p>In der spanischen Region Andalusien gibt es eine gro\u00dfe Tradition von \"Sevillanas\", die auch in dieser Parade vertreten sind:<\/p>\n\n\n<div class=\"wp-block-image\">\n<figure class=\"aligncenter size-large\"><img loading=\"lazy\" decoding=\"async\" width=\"1024\" height=\"768\" src=\"https:\/\/alicanteabout.com\/wp-content\/uploads\/2023\/07\/sevillanas-folk-parade-alicante-1024x768.jpg\" alt=\"\" class=\"wp-image-5418\" srcset=\"https:\/\/alicanteabout.com\/wp-content\/uploads\/2023\/07\/sevillanas-folk-parade-alicante-1024x768.jpg 1024w, https:\/\/alicanteabout.com\/wp-content\/uploads\/2023\/07\/sevillanas-folk-parade-alicante-300x225.jpg 300w, https:\/\/alicanteabout.com\/wp-content\/uploads\/2023\/07\/sevillanas-folk-parade-alicante-768x576.jpg 768w, https:\/\/alicanteabout.com\/wp-content\/uploads\/2023\/07\/sevillanas-folk-parade-alicante-1536x1152.jpg 1536w, https:\/\/alicanteabout.com\/wp-content\/uploads\/2023\/07\/sevillanas-folk-parade-alicante-2048x1536.jpg 2048w\" sizes=\"auto, (max-width: 1024px) 100vw, 1024px\" \/><figcaption class=\"wp-element-caption\">Sevillanas bei der Folkloreparade in Alicante<\/figcaption><\/figure>\n<\/div>\n\n\n<p>Und schlie\u00dflich, als Beispiel f\u00fcr einen internationalen Gast, ist die Ukraine seit einigen Jahren Teil des Volksfestes:<\/p>\n\n\n<div class=\"wp-block-image\">\n<figure class=\"aligncenter size-large\"><img loading=\"lazy\" decoding=\"async\" width=\"1024\" height=\"768\" src=\"https:\/\/alicanteabout.com\/wp-content\/uploads\/2023\/07\/ukraine-at-the-folk-parade-alicante-1024x768.jpg\" alt=\"\" class=\"wp-image-5419\" srcset=\"https:\/\/alicanteabout.com\/wp-content\/uploads\/2023\/07\/ukraine-at-the-folk-parade-alicante-1024x768.jpg 1024w, https:\/\/alicanteabout.com\/wp-content\/uploads\/2023\/07\/ukraine-at-the-folk-parade-alicante-300x225.jpg 300w, https:\/\/alicanteabout.com\/wp-content\/uploads\/2023\/07\/ukraine-at-the-folk-parade-alicante-768x576.jpg 768w, https:\/\/alicanteabout.com\/wp-content\/uploads\/2023\/07\/ukraine-at-the-folk-parade-alicante-1536x1152.jpg 1536w, https:\/\/alicanteabout.com\/wp-content\/uploads\/2023\/07\/ukraine-at-the-folk-parade-alicante-2048x1536.jpg 2048w\" sizes=\"auto, (max-width: 1024px) 100vw, 1024px\" \/><figcaption class=\"wp-element-caption\">Die Ukraine als internationaler Gast beim Volksfestumzug in Alicante<\/figcaption><\/figure>\n<\/div>\n\n\n<h3 class=\"wp-block-heading\">El Ninot Indultado<\/h3>\n\n\n\n<p>A Ninot ist ein eigenst\u00e4ndiges Werk <em>Hogueras<\/em> Figur, die in der Regel menschliche Z\u00fcge hat.<\/p>\n\n\n\n<figure class=\"wp-block-image size-large\"><img loading=\"lazy\" decoding=\"async\" width=\"1024\" height=\"768\" src=\"https:\/\/alicanteabout.com\/wp-content\/uploads\/2023\/06\/ninot-example-1024x768.jpg\" alt=\"\" class=\"wp-image-5155\" srcset=\"https:\/\/alicanteabout.com\/wp-content\/uploads\/2023\/06\/ninot-example-1024x768.jpg 1024w, https:\/\/alicanteabout.com\/wp-content\/uploads\/2023\/06\/ninot-example-300x225.jpg 300w, https:\/\/alicanteabout.com\/wp-content\/uploads\/2023\/06\/ninot-example-768x576.jpg 768w, https:\/\/alicanteabout.com\/wp-content\/uploads\/2023\/06\/ninot-example-1536x1152.jpg 1536w, https:\/\/alicanteabout.com\/wp-content\/uploads\/2023\/06\/ninot-example-2048x1536.jpg 2048w\" sizes=\"auto, (max-width: 1024px) 100vw, 1024px\" \/><figcaption class=\"wp-element-caption\">Beispiel f\u00fcr einen Ninot in Alicante<\/figcaption><\/figure>\n\n\n\n<p>Jedes Jahr wird eine <em>ninot <\/em>erh\u00e4lt<em> Indultado<\/em> -oder begnadigt-. Es ist eine wichtige Ehre f\u00fcr die <em>Hogura<\/em> Kommission, da sie Teil der Preise ist, die die <em>Hogueras F\u00f6deration<\/em> gibt.<\/p>\n\n\n\n<p>Wenn Sie die Jahre der anderen sehen wollen <em>ninots<\/em> k\u00f6nnen Sie besuchen <a href=\"https:\/\/alicanteabout.com\/de\/dinge-die-man-tun-kann\/museen-alicante\/#hogueras-san-juan-museum\">die <em>Hogueras<\/em> Museum in Alicante.<\/a><\/p>\n\n\n\n<h3 class=\"wp-block-heading\">Stra\u00dfenlaternen<\/h3>\n\n\n\n<p>\u00c4hnlich wie in den meisten europ\u00e4ischen St\u00e4dten werden auch in Alicante die Stra\u00dfen zu Weihnachten festlich beleuchtet. <em>hogueras<\/em>.<\/p>\n\n\n\n<figure class=\"wp-block-image size-large\"><img loading=\"lazy\" decoding=\"async\" width=\"1024\" height=\"768\" src=\"https:\/\/alicanteabout.com\/wp-content\/uploads\/2023\/06\/decoration_lights_hogueras-1024x768.jpg\" alt=\"\" class=\"wp-image-5180\" srcset=\"https:\/\/alicanteabout.com\/wp-content\/uploads\/2023\/06\/decoration_lights_hogueras-1024x768.jpg 1024w, https:\/\/alicanteabout.com\/wp-content\/uploads\/2023\/06\/decoration_lights_hogueras-300x225.jpg 300w, https:\/\/alicanteabout.com\/wp-content\/uploads\/2023\/06\/decoration_lights_hogueras-768x576.jpg 768w, https:\/\/alicanteabout.com\/wp-content\/uploads\/2023\/06\/decoration_lights_hogueras-1536x1152.jpg 1536w, https:\/\/alicanteabout.com\/wp-content\/uploads\/2023\/06\/decoration_lights_hogueras-2048x1536.jpg 2048w\" sizes=\"auto, (max-width: 1024px) 100vw, 1024px\" \/><figcaption class=\"wp-element-caption\">Lichterdekoration w\u00e4hrend Hogueras<\/figcaption><\/figure>\n\n\n\n<p>In der Regel wird die Beleuchtung eine Woche - oder l\u00e4nger - vor dem <em>planta<\/em> (Montage) von <em>hogueras<\/em>.<\/p>\n\n\n\n<p>Die meisten Lichter befinden sich im Stadtzentrum von Alicante.<\/p>\n\n\n\n<h2 class=\"wp-block-heading\" id=\"hogueras-schedule\">Hogueras 2024 Zeitplan<\/h2>\n\n\n\n<ul class=\"wp-block-list\">\n<li>1. Juni: Gedenken an verstorbene Foguerers und Barraquers und Proklamation.<\/li>\n\n\n\n<li>8. Juni: Eingabe von Bands und Kommissionen, von 18:00 bis 23:59 Uhr. <\/li>\n\n\n\n<li>15. Juni: Ninot-Parade, von 18:00 Uhr bis 22:59 Uhr. <\/li>\n\n\n\n<li>16. Juni: Schlie\u00dfung der Ninot-Ausstellung, von 17:00 bis 22:59 Uhr. <\/li>\n\n\n\n<li>17. Juni: Arribada del Foc, ab 20:00 Uhr. <\/li>\n\n\n\n<li>Vom 18. bis 24. Juni: Mascletaes, um 14:00 Uhr. <\/li>\n\n\n\n<li>21. und 22. Juni: Blumenopfer, ab 18:00 Uhr. <\/li>\n\n\n\n<li>22. Juni: Parade der Fogueres und Barraques, ab 9.00 Uhr. <\/li>\n\n\n\n<li>23. Juni: Internationaler Volksfestumzug, ab 19:30 Uhr. <\/li>\n\n\n\n<li>24. Juni: Monumental Palmera und Crem\u00e0 de Fogueres. <\/li>\n\n\n\n<li>Vom 25. bis 29. Juni: Feuerwerkswettbewerb. <\/li>\n\n\n\n<li>Ab 00:00 Uhr.<\/li>\n\n\n\n<li>29. Juni: Multicolor Coso, ab 18:00 Uhr.<\/li>\n<\/ul>\n\n\n\n<p>(<a href=\"https:\/\/www.alicante.es\/es\/noticias\/fogueres-2024\">Quelle auf Spanisch<\/a>)<\/p>\n\n\n\n<h2 class=\"wp-block-heading\">Hogueras de San Juan in Alicante im Vergleich zum \u00fcbrigen Spanien<\/h2>\n\n\n\n<p>An dieser Stelle wird deutlich, dass sich Alicante in Bezug auf das Mittsommerfeuerfest von den \u00fcbrigen Teilen Spaniens deutlich unterscheidet.<\/p>\n\n\n\n<p>W\u00e4hrend <a href=\"https:\/\/www.publico.es\/viajes\/las-mejores-playas-para-disfrutar-de-las-hogueras-de-san-juan\/\" target=\"_blank\" rel=\"noreferrer noopener\">der Gro\u00dfteil Spaniens (auf Spanisch)<\/a> feiert die Geburt von <a href=\"https:\/\/en.wikipedia.org\/wiki\/John_the_Baptist\">Johannes der T\u00e4ufer<\/a> in der Nacht des 23. Juni Alicantes richtet sich nach dem vorchristlichen <a href=\"https:\/\/en.wikipedia.org\/wiki\/Midsummer\" target=\"_blank\" rel=\"noreferrer noopener\">Mittsommer-Tradition<\/a> die in der Nacht zum 24. die gro\u00dfen Lagerfeuer feierten.<\/p>\n\n\n\n<p>Dennoch gibt es in Alicante noch immer die spanische Tradition, sich mit Freunden am Strand zu versammeln, um mit Holz und Papier kleine Lagerfeuer zu machen, um die Geburt des Heiligen Johannes am 23. Juni zu feiern.<\/p>\n\n\n<div class=\"wp-block-image\">\n<figure class=\"aligncenter size-large\"><img loading=\"lazy\" decoding=\"async\" width=\"1024\" height=\"768\" src=\"https:\/\/alicanteabout.com\/wp-content\/uploads\/2023\/07\/hogueras-de-san-juan-night-postiguet-alicante-1024x768.jpg\" alt=\"\" class=\"wp-image-5373\" srcset=\"https:\/\/alicanteabout.com\/wp-content\/uploads\/2023\/07\/hogueras-de-san-juan-night-postiguet-alicante-1024x768.jpg 1024w, https:\/\/alicanteabout.com\/wp-content\/uploads\/2023\/07\/hogueras-de-san-juan-night-postiguet-alicante-300x225.jpg 300w, https:\/\/alicanteabout.com\/wp-content\/uploads\/2023\/07\/hogueras-de-san-juan-night-postiguet-alicante-768x576.jpg 768w, https:\/\/alicanteabout.com\/wp-content\/uploads\/2023\/07\/hogueras-de-san-juan-night-postiguet-alicante-1536x1152.jpg 1536w, https:\/\/alicanteabout.com\/wp-content\/uploads\/2023\/07\/hogueras-de-san-juan-night-postiguet-alicante-2048x1536.jpg 2048w\" sizes=\"auto, (max-width: 1024px) 100vw, 1024px\" \/><figcaption class=\"wp-element-caption\"><em>Hogueras de San Juan<\/em> Nacht bei <a href=\"https:\/\/alicanteabout.com\/de\/orte\/strande\/postiguet-strand-alicante\/\">Strand El Postiguet<\/a> Alicante<\/figcaption><\/figure>\n<\/div>\n\n\n<p><a href=\"https:\/\/alicanteabout.com\/de\/orte\/strande\/postiguet-strand-alicante\/\">Strand El Postiguet<\/a> in Alicante ist in dieser Nacht meist sehr belebt, da die Leute Lagerfeuer vorbereiten oder einfach nur mit Freunden etwas essen und trinken. Die Mutigsten bleiben bis zum Morgen, um den wundersch\u00f6nen Sonnenaufgang zu erleben.<\/p>\n\n\n\n<h2 class=\"wp-block-heading\">Geschichte der <em>Hogueras<\/em> de San Juan-Festival in Alicante<\/h2>\n\n\n\n<p>Hogueras wurde im Jahr 1928 gegr\u00fcndet. Die Idee Funke initiiert von <a href=\"https:\/\/www.hogueras.es\/presidentes\/jose-maria-py-y-ramirez-de-cartagena\/\">Jos\u00e9 Mar\u00eda Py (auf Spanisch)<\/a>ein K\u00fcnstler aus C\u00e1diz, der seit 25 Jahren in Valencia lebt.<\/p>\n\n\n\n<p>Jos\u00e9 lie\u00df sich vom Fallas-Fest inspirieren und schlug vor, in Alicante ein Fest nach dem Vorbild des Johannisfeuers zu veranstalten. Die Mischung aus beidem resultierte in <em>Hogueras de San Juan Aliante<\/em>.<\/p>","protected":false},"excerpt":{"rendered":"<p>During Las Hogueras de San Juan -or The Bonfires of Saint John- everyone is welcome to celebrate a particular Midsummer-originated festival with unusual events and activities. Las Hogueras de San Juan -The Bonfires of Saint John- is a festival in Alicante celebrated with gigantic bonfires made of satirical sculptures, party, gunpowder crackers, water, music, traditions, [&hellip;]<\/p>\n","protected":false},"author":1,"featured_media":5140,"comment_status":"open","ping_status":"closed","sticky":false,"template":"","format":"standard","meta":{"footnotes":""},"categories":[130],"tags":[],"class_list":["post-5103","post","type-post","status-publish","format-standard","has-post-thumbnail","hentry","category-festivals"],"yoast_head":"<!-- This site is optimized with the Yoast SEO plugin v27.1.1 - https:\/\/yoast.com\/product\/yoast-seo-wordpress\/ -->\n<title>Alicante Bonfires - A Guide to the Hogueras de San Juan Festival - AlicanteAbout.com<\/title>\n<meta name=\"description\" content=\"Experience Alicante&#039;s Hogueras de San Juan: a unique festival with satirical bonfires, vibrant street parties, and cultural traditions in June\" \/>\n<meta name=\"robots\" content=\"index, follow, max-snippet:-1, max-image-preview:large, max-video-preview:-1\" \/>\n<link rel=\"canonical\" href=\"https:\/\/alicanteabout.com\/de\/feste\/lagerfeuer-in-alicante-ein-leitfaden-fur-das-fest-der-hogueras-de-san-juan\/\" \/>\n<meta property=\"og:locale\" content=\"de_DE\" \/>\n<meta property=\"og:type\" content=\"article\" \/>\n<meta property=\"og:title\" content=\"Alicante Bonfires - A Guide to the Hogueras de San Juan Festival - AlicanteAbout.com\" \/>\n<meta property=\"og:description\" content=\"Experience Alicante&#039;s Hogueras de San Juan: a unique festival with satirical bonfires, vibrant street parties, and cultural traditions in June\" \/>\n<meta property=\"og:url\" content=\"https:\/\/alicanteabout.com\/de\/feste\/lagerfeuer-in-alicante-ein-leitfaden-fur-das-fest-der-hogueras-de-san-juan\/\" \/>\n<meta property=\"og:site_name\" content=\"AlicanteAbout.com\" \/>\n<meta property=\"article:publisher\" content=\"https:\/\/www.facebook.com\/AlicanteAbout\" \/>\n<meta property=\"article:published_time\" content=\"2023-06-07T23:57:35+00:00\" \/>\n<meta property=\"article:modified_time\" content=\"2026-03-06T23:31:46+00:00\" \/>\n<meta property=\"og:image\" content=\"https:\/\/alicanteabout.com\/wp-content\/uploads\/2023\/06\/hoguera_in_alicante.jpg\" \/>\n\t<meta property=\"og:image:width\" content=\"720\" \/>\n\t<meta property=\"og:image:height\" content=\"1280\" \/>\n\t<meta property=\"og:image:type\" content=\"image\/jpeg\" \/>\n<meta name=\"author\" content=\"VictorSesma\" \/>\n<meta name=\"twitter:card\" content=\"summary_large_image\" \/>\n<meta name=\"twitter:creator\" content=\"@VictorSesma_\" \/>\n<meta name=\"twitter:site\" content=\"@AlicanteAbout\" \/>\n<meta name=\"twitter:label1\" content=\"Verfasst von\" \/>\n\t<meta name=\"twitter:data1\" content=\"VictorSesma\" \/>\n\t<meta name=\"twitter:label2\" content=\"Gesch\u00e4tzte Lesezeit\" \/>\n\t<meta name=\"twitter:data2\" content=\"21\u00a0Minuten\" \/>\n<script type=\"application\/ld+json\" class=\"yoast-schema-graph\">{\"@context\":\"https:\/\/schema.org\",\"@graph\":[{\"@type\":\"Article\",\"@id\":\"https:\/\/alicanteabout.com\/festivals\/alicante-bonfires-a-guide-to-the-hogueras-de-san-juan-festival\/#article\",\"isPartOf\":{\"@id\":\"https:\/\/alicanteabout.com\/festivals\/alicante-bonfires-a-guide-to-the-hogueras-de-san-juan-festival\/\"},\"author\":{\"name\":\"VictorSesma\",\"@id\":\"https:\/\/alicanteabout.com\/#\/schema\/person\/a7d046d7b26df76ff16c9f82ffe46613\"},\"headline\":\"Alicante Bonfires &#8211; A Guide to the Hogueras de San Juan Festival\",\"datePublished\":\"2023-06-07T23:57:35+00:00\",\"dateModified\":\"2026-03-06T23:31:46+00:00\",\"mainEntityOfPage\":{\"@id\":\"https:\/\/alicanteabout.com\/festivals\/alicante-bonfires-a-guide-to-the-hogueras-de-san-juan-festival\/\"},\"wordCount\":3374,\"commentCount\":0,\"image\":{\"@id\":\"https:\/\/alicanteabout.com\/festivals\/alicante-bonfires-a-guide-to-the-hogueras-de-san-juan-festival\/#primaryimage\"},\"thumbnailUrl\":\"https:\/\/alicanteabout.com\/wp-content\/uploads\/2023\/06\/hoguera_in_alicante.jpg\",\"articleSection\":[\"Festivals\"],\"inLanguage\":\"de\",\"potentialAction\":[{\"@type\":\"CommentAction\",\"name\":\"Comment\",\"target\":[\"https:\/\/alicanteabout.com\/festivals\/alicante-bonfires-a-guide-to-the-hogueras-de-san-juan-festival\/#respond\"]}]},{\"@type\":\"WebPage\",\"@id\":\"https:\/\/alicanteabout.com\/festivals\/alicante-bonfires-a-guide-to-the-hogueras-de-san-juan-festival\/\",\"url\":\"https:\/\/alicanteabout.com\/festivals\/alicante-bonfires-a-guide-to-the-hogueras-de-san-juan-festival\/\",\"name\":\"Alicante Bonfires - A Guide to the Hogueras de San Juan Festival - AlicanteAbout.com\",\"isPartOf\":{\"@id\":\"https:\/\/alicanteabout.com\/#website\"},\"primaryImageOfPage\":{\"@id\":\"https:\/\/alicanteabout.com\/festivals\/alicante-bonfires-a-guide-to-the-hogueras-de-san-juan-festival\/#primaryimage\"},\"image\":{\"@id\":\"https:\/\/alicanteabout.com\/festivals\/alicante-bonfires-a-guide-to-the-hogueras-de-san-juan-festival\/#primaryimage\"},\"thumbnailUrl\":\"https:\/\/alicanteabout.com\/wp-content\/uploads\/2023\/06\/hoguera_in_alicante.jpg\",\"datePublished\":\"2023-06-07T23:57:35+00:00\",\"dateModified\":\"2026-03-06T23:31:46+00:00\",\"author\":{\"@id\":\"https:\/\/alicanteabout.com\/#\/schema\/person\/a7d046d7b26df76ff16c9f82ffe46613\"},\"description\":\"Experience Alicante's Hogueras de San Juan: a unique festival with satirical bonfires, vibrant street parties, and cultural traditions in June\",\"breadcrumb\":{\"@id\":\"https:\/\/alicanteabout.com\/festivals\/alicante-bonfires-a-guide-to-the-hogueras-de-san-juan-festival\/#breadcrumb\"},\"inLanguage\":\"de\",\"potentialAction\":[{\"@type\":\"ReadAction\",\"target\":[\"https:\/\/alicanteabout.com\/festivals\/alicante-bonfires-a-guide-to-the-hogueras-de-san-juan-festival\/\"]}]},{\"@type\":\"ImageObject\",\"inLanguage\":\"de\",\"@id\":\"https:\/\/alicanteabout.com\/festivals\/alicante-bonfires-a-guide-to-the-hogueras-de-san-juan-festival\/#primaryimage\",\"url\":\"https:\/\/alicanteabout.com\/wp-content\/uploads\/2023\/06\/hoguera_in_alicante.jpg\",\"contentUrl\":\"https:\/\/alicanteabout.com\/wp-content\/uploads\/2023\/06\/hoguera_in_alicante.jpg\",\"width\":720,\"height\":1280,\"caption\":\"Hoguera being mounted at the beginning of Hogueras Festival in Alicante\"},{\"@type\":\"BreadcrumbList\",\"@id\":\"https:\/\/alicanteabout.com\/festivals\/alicante-bonfires-a-guide-to-the-hogueras-de-san-juan-festival\/#breadcrumb\",\"itemListElement\":[{\"@type\":\"ListItem\",\"position\":1,\"name\":\"Home\",\"item\":\"https:\/\/alicanteabout.com\/\"},{\"@type\":\"ListItem\",\"position\":2,\"name\":\"Alicante Bonfires &#8211; A Guide to the Hogueras de San Juan Festival\"}]},{\"@type\":\"WebSite\",\"@id\":\"https:\/\/alicanteabout.com\/#website\",\"url\":\"https:\/\/alicanteabout.com\/\",\"name\":\"AlicanteAbout.com\",\"description\":\"Your Guide to Alicante [By an Alicantinian]\",\"potentialAction\":[{\"@type\":\"SearchAction\",\"target\":{\"@type\":\"EntryPoint\",\"urlTemplate\":\"https:\/\/alicanteabout.com\/?s={search_term_string}\"},\"query-input\":{\"@type\":\"PropertyValueSpecification\",\"valueRequired\":true,\"valueName\":\"search_term_string\"}}],\"inLanguage\":\"de\"},{\"@type\":\"Person\",\"@id\":\"https:\/\/alicanteabout.com\/#\/schema\/person\/a7d046d7b26df76ff16c9f82ffe46613\",\"name\":\"VictorSesma\",\"image\":{\"@type\":\"ImageObject\",\"inLanguage\":\"de\",\"@id\":\"https:\/\/alicanteabout.com\/#\/schema\/person\/image\/\",\"url\":\"https:\/\/secure.gravatar.com\/avatar\/4c5e28cd336f9d14835224a24b5dcab3f127cd8a4095f0a20ae4998943be87fa?s=96&d=mm&r=g\",\"contentUrl\":\"https:\/\/secure.gravatar.com\/avatar\/4c5e28cd336f9d14835224a24b5dcab3f127cd8a4095f0a20ae4998943be87fa?s=96&d=mm&r=g\",\"caption\":\"VictorSesma\"},\"description\":\"Hey, I am Victor Sesma, the Alicantinian living in London. The duality of living in both worlds helps me understand what people need to know about Alicante. My first-hand experience about the city I am from helps me write the most useful resources on the internet about Alicante. I work as a Software Engineer and thrive writing about the city I was born.\",\"sameAs\":[\"https:\/\/victorsesma.com\",\"https:\/\/www.linkedin.com\/in\/victor-sesma-3b2291104\/\",\"https:\/\/x.com\/VictorSesma_\"],\"url\":\"https:\/\/alicanteabout.com\/de\/author\/victorsesma\/\"}]}<\/script>\n<!-- \/ Yoast SEO plugin. -->","yoast_head_json":{"title":"Lagerfeuer in Alicante - Ein Leitfaden f\u00fcr das Festival Hogueras de San Juan - AlicanteAbout.com","description":"Erleben Sie die Hogueras de San Juan in Alicante: ein einzigartiges Fest mit satirischen Lagerfeuern, lebhaften Stra\u00dfenfesten und kulturellen Traditionen im Juni","robots":{"index":"index","follow":"follow","max-snippet":"max-snippet:-1","max-image-preview":"max-image-preview:large","max-video-preview":"max-video-preview:-1"},"canonical":"https:\/\/alicanteabout.com\/de\/feste\/lagerfeuer-in-alicante-ein-leitfaden-fur-das-fest-der-hogueras-de-san-juan\/","og_locale":"de_DE","og_type":"article","og_title":"Alicante Bonfires - A Guide to the Hogueras de San Juan Festival - AlicanteAbout.com","og_description":"Experience Alicante's Hogueras de San Juan: a unique festival with satirical bonfires, vibrant street parties, and cultural traditions in June","og_url":"https:\/\/alicanteabout.com\/de\/feste\/lagerfeuer-in-alicante-ein-leitfaden-fur-das-fest-der-hogueras-de-san-juan\/","og_site_name":"AlicanteAbout.com","article_publisher":"https:\/\/www.facebook.com\/AlicanteAbout","article_published_time":"2023-06-07T23:57:35+00:00","article_modified_time":"2026-03-06T23:31:46+00:00","og_image":[{"width":720,"height":1280,"url":"https:\/\/alicanteabout.com\/wp-content\/uploads\/2023\/06\/hoguera_in_alicante.jpg","type":"image\/jpeg"}],"author":"VictorSesma","twitter_card":"summary_large_image","twitter_creator":"@VictorSesma_","twitter_site":"@AlicanteAbout","twitter_misc":{"Verfasst von":"VictorSesma","Gesch\u00e4tzte Lesezeit":"21\u00a0Minuten"},"schema":{"@context":"https:\/\/schema.org","@graph":[{"@type":"Article","@id":"https:\/\/alicanteabout.com\/festivals\/alicante-bonfires-a-guide-to-the-hogueras-de-san-juan-festival\/#article","isPartOf":{"@id":"https:\/\/alicanteabout.com\/festivals\/alicante-bonfires-a-guide-to-the-hogueras-de-san-juan-festival\/"},"author":{"name":"VictorSesma","@id":"https:\/\/alicanteabout.com\/#\/schema\/person\/a7d046d7b26df76ff16c9f82ffe46613"},"headline":"Alicante Bonfires &#8211; A Guide to the Hogueras de San Juan Festival","datePublished":"2023-06-07T23:57:35+00:00","dateModified":"2026-03-06T23:31:46+00:00","mainEntityOfPage":{"@id":"https:\/\/alicanteabout.com\/festivals\/alicante-bonfires-a-guide-to-the-hogueras-de-san-juan-festival\/"},"wordCount":3374,"commentCount":0,"image":{"@id":"https:\/\/alicanteabout.com\/festivals\/alicante-bonfires-a-guide-to-the-hogueras-de-san-juan-festival\/#primaryimage"},"thumbnailUrl":"https:\/\/alicanteabout.com\/wp-content\/uploads\/2023\/06\/hoguera_in_alicante.jpg","articleSection":["Festivals"],"inLanguage":"de","potentialAction":[{"@type":"CommentAction","name":"Comment","target":["https:\/\/alicanteabout.com\/festivals\/alicante-bonfires-a-guide-to-the-hogueras-de-san-juan-festival\/#respond"]}]},{"@type":"WebPage","@id":"https:\/\/alicanteabout.com\/festivals\/alicante-bonfires-a-guide-to-the-hogueras-de-san-juan-festival\/","url":"https:\/\/alicanteabout.com\/festivals\/alicante-bonfires-a-guide-to-the-hogueras-de-san-juan-festival\/","name":"Lagerfeuer in Alicante - Ein Leitfaden f\u00fcr das Festival Hogueras de San Juan - AlicanteAbout.com","isPartOf":{"@id":"https:\/\/alicanteabout.com\/#website"},"primaryImageOfPage":{"@id":"https:\/\/alicanteabout.com\/festivals\/alicante-bonfires-a-guide-to-the-hogueras-de-san-juan-festival\/#primaryimage"},"image":{"@id":"https:\/\/alicanteabout.com\/festivals\/alicante-bonfires-a-guide-to-the-hogueras-de-san-juan-festival\/#primaryimage"},"thumbnailUrl":"https:\/\/alicanteabout.com\/wp-content\/uploads\/2023\/06\/hoguera_in_alicante.jpg","datePublished":"2023-06-07T23:57:35+00:00","dateModified":"2026-03-06T23:31:46+00:00","author":{"@id":"https:\/\/alicanteabout.com\/#\/schema\/person\/a7d046d7b26df76ff16c9f82ffe46613"},"description":"Erleben Sie die Hogueras de San Juan in Alicante: ein einzigartiges Fest mit satirischen Lagerfeuern, lebhaften Stra\u00dfenfesten und kulturellen Traditionen im Juni","breadcrumb":{"@id":"https:\/\/alicanteabout.com\/festivals\/alicante-bonfires-a-guide-to-the-hogueras-de-san-juan-festival\/#breadcrumb"},"inLanguage":"de","potentialAction":[{"@type":"ReadAction","target":["https:\/\/alicanteabout.com\/festivals\/alicante-bonfires-a-guide-to-the-hogueras-de-san-juan-festival\/"]}]},{"@type":"ImageObject","inLanguage":"de","@id":"https:\/\/alicanteabout.com\/festivals\/alicante-bonfires-a-guide-to-the-hogueras-de-san-juan-festival\/#primaryimage","url":"https:\/\/alicanteabout.com\/wp-content\/uploads\/2023\/06\/hoguera_in_alicante.jpg","contentUrl":"https:\/\/alicanteabout.com\/wp-content\/uploads\/2023\/06\/hoguera_in_alicante.jpg","width":720,"height":1280,"caption":"Hoguera being mounted at the beginning of Hogueras Festival in Alicante"},{"@type":"BreadcrumbList","@id":"https:\/\/alicanteabout.com\/festivals\/alicante-bonfires-a-guide-to-the-hogueras-de-san-juan-festival\/#breadcrumb","itemListElement":[{"@type":"ListItem","position":1,"name":"Home","item":"https:\/\/alicanteabout.com\/"},{"@type":"ListItem","position":2,"name":"Alicante Bonfires &#8211; A Guide to the Hogueras de San Juan Festival"}]},{"@type":"WebSite","@id":"https:\/\/alicanteabout.com\/#website","url":"https:\/\/alicanteabout.com\/","name":"AlicanteAbout.com","description":"Your Guide to Alicante [By an Alicantinian]","potentialAction":[{"@type":"SearchAction","target":{"@type":"EntryPoint","urlTemplate":"https:\/\/alicanteabout.com\/?s={search_term_string}"},"query-input":{"@type":"PropertyValueSpecification","valueRequired":true,"valueName":"search_term_string"}}],"inLanguage":"de"},{"@type":"Person","@id":"https:\/\/alicanteabout.com\/#\/schema\/person\/a7d046d7b26df76ff16c9f82ffe46613","name":"VictorSesma","image":{"@type":"ImageObject","inLanguage":"de","@id":"https:\/\/alicanteabout.com\/#\/schema\/person\/image\/","url":"https:\/\/secure.gravatar.com\/avatar\/4c5e28cd336f9d14835224a24b5dcab3f127cd8a4095f0a20ae4998943be87fa?s=96&d=mm&r=g","contentUrl":"https:\/\/secure.gravatar.com\/avatar\/4c5e28cd336f9d14835224a24b5dcab3f127cd8a4095f0a20ae4998943be87fa?s=96&d=mm&r=g","caption":"VictorSesma"},"description":"Hallo, ich bin Victor Sesma, ein Alicantiner, der in London lebt. Die Dualit\u00e4t des Lebens in beiden Welten hilft mir zu verstehen, was die Leute \u00fcber Alicante wissen m\u00fcssen. Meine Erfahrungen aus erster Hand \u00fcber die Stadt, aus der ich komme, helfen mir, die n\u00fctzlichsten Ressourcen im Internet \u00fcber Alicante zu schreiben. Ich arbeite als Software-Ingenieur und schreibe gerne \u00fcber die Stadt, in der ich geboren wurde.","sameAs":["https:\/\/victorsesma.com","https:\/\/www.linkedin.com\/in\/victor-sesma-3b2291104\/","https:\/\/x.com\/VictorSesma_"],"url":"https:\/\/alicanteabout.com\/de\/author\/victorsesma\/"}]}},"_links":{"self":[{"href":"https:\/\/alicanteabout.com\/de\/wp-json\/wp\/v2\/posts\/5103","targetHints":{"allow":["GET"]}}],"collection":[{"href":"https:\/\/alicanteabout.com\/de\/wp-json\/wp\/v2\/posts"}],"about":[{"href":"https:\/\/alicanteabout.com\/de\/wp-json\/wp\/v2\/types\/post"}],"author":[{"embeddable":true,"href":"https:\/\/alicanteabout.com\/de\/wp-json\/wp\/v2\/users\/1"}],"replies":[{"embeddable":true,"href":"https:\/\/alicanteabout.com\/de\/wp-json\/wp\/v2\/comments?post=5103"}],"version-history":[{"count":190,"href":"https:\/\/alicanteabout.com\/de\/wp-json\/wp\/v2\/posts\/5103\/revisions"}],"predecessor-version":[{"id":6598,"href":"https:\/\/alicanteabout.com\/de\/wp-json\/wp\/v2\/posts\/5103\/revisions\/6598"}],"wp:featuredmedia":[{"embeddable":true,"href":"https:\/\/alicanteabout.com\/de\/wp-json\/wp\/v2\/media\/5140"}],"wp:attachment":[{"href":"https:\/\/alicanteabout.com\/de\/wp-json\/wp\/v2\/media?parent=5103"}],"wp:term":[{"taxonomy":"category","embeddable":true,"href":"https:\/\/alicanteabout.com\/de\/wp-json\/wp\/v2\/categories?post=5103"},{"taxonomy":"post_tag","embeddable":true,"href":"https:\/\/alicanteabout.com\/de\/wp-json\/wp\/v2\/tags?post=5103"}],"curies":[{"name":"wp","href":"https:\/\/api.w.org\/{rel}","templated":true}]}}