{"id":3469,"date":"2022-08-03T20:08:27","date_gmt":"2022-08-03T19:08:27","guid":{"rendered":"https:\/\/alicanteabout.com\/?p=3469"},"modified":"2026-03-06T23:34:31","modified_gmt":"2026-03-06T23:34:31","slug":"cabo-de-san-juan-coves-services-location-tips-photos","status":"publish","type":"post","link":"https:\/\/alicanteabout.com\/fr\/places\/beaches\/cabo-de-san-juan-coves-services-location-tips-photos\/","title":{"rendered":"Cabo de Las Huertas Coves - Services, localisation et conseils \u2772Photos\u2773"},"content":{"rendered":"<p><em>El Cabo<\/em> (ou The Cape en anglais) <em>de las Huertas <\/em>est l'une des plus belles zones de baignade de la ville d'Alicante.<\/p>\n\n\n\n<p><em>Cabo de San Juan<\/em> ou San Juan Cape est une zone de la ville d'Alicante situ\u00e9e entre <a href=\"https:\/\/alicanteabout.com\/fr\/lieux\/plages\/la-almadraba\/\">Plage de La Almadraba<\/a> et <a href=\"https:\/\/alicanteabout.com\/fr\/lieux\/plages\/plage-de-san-juan-alicante\/\">Plage de San Juan<\/a>. Elle est connue pour ses maisons de luxe et ses tr\u00e8s belles criques. Comme il s'agit d'une zone rocheuse \u00e9tendue, il n'y a pas de services de sauvetage et certaines personnes pratiquent le naturisme en dehors des criques les plus c\u00e9l\u00e8bres.<\/p>\n\n\n\n<figure class=\"wp-block-image size-large\"><img loading=\"lazy\" decoding=\"async\" width=\"1024\" height=\"768\" src=\"https:\/\/alicanteabout.com\/wp-content\/uploads\/2022\/08\/el-cabo-coves-1024x768.jpg\" alt=\"\" class=\"wp-image-3492\" srcset=\"https:\/\/alicanteabout.com\/wp-content\/uploads\/2022\/08\/el-cabo-coves-1024x768.jpg 1024w, https:\/\/alicanteabout.com\/wp-content\/uploads\/2022\/08\/el-cabo-coves-300x225.jpg 300w, https:\/\/alicanteabout.com\/wp-content\/uploads\/2022\/08\/el-cabo-coves-768x576.jpg 768w, https:\/\/alicanteabout.com\/wp-content\/uploads\/2022\/08\/el-cabo-coves-1536x1152.jpg 1536w, https:\/\/alicanteabout.com\/wp-content\/uploads\/2022\/08\/el-cabo-coves-2048x1536.jpg 2048w\" sizes=\"auto, (max-width: 1024px) 100vw, 1024px\" \/><figcaption class=\"wp-element-caption\">Criques de El Cabo de San Juan<\/figcaption><\/figure>\n\n\n\n<p>Il y a quelques criques sup\u00e9rieures avec un parking o\u00f9 il est facile d'\u00e9tendre la serviette ou m\u00eame d'obtenir une ombre depuis les rochers \u00e9lev\u00e9s. C'est l'endroit le plus sauvage pour nager de tout le pays. <a href=\"https:\/\/alicanteabout.com\/fr\/lieux\/plage-dalicante\/\">Les plages d'Alicante<\/a>. Jetons un coup d'\u0153il.<\/p>\n\n\n\n<h2 class=\"wp-block-heading\">Criques de El Cabo de San Juan<\/h2>\n\n\n\n<p>La plupart des <em>El Cabo<\/em> a des petits coins o\u00f9 l'on peut se baigner ou s'allonger sur une serviette pour bronzer sous le soleil. Mais il y a quelques criques qui ont un parking \u00e0 proximit\u00e9 et qui sont plus connues. Vous pouvez \u00e9galement utiliser les transports publics pour vous y rendre.<\/p>\n\n\n\n<figure class=\"wp-block-image size-large\"><img loading=\"lazy\" decoding=\"async\" width=\"1024\" height=\"768\" src=\"https:\/\/alicanteabout.com\/wp-content\/uploads\/2022\/08\/coves_map_at_el_cabo_de_san_juan_alicante-1-1024x768.jpg\" alt=\"\" class=\"wp-image-3526\" srcset=\"https:\/\/alicanteabout.com\/wp-content\/uploads\/2022\/08\/coves_map_at_el_cabo_de_san_juan_alicante-1-1024x768.jpg 1024w, https:\/\/alicanteabout.com\/wp-content\/uploads\/2022\/08\/coves_map_at_el_cabo_de_san_juan_alicante-1-300x225.jpg 300w, https:\/\/alicanteabout.com\/wp-content\/uploads\/2022\/08\/coves_map_at_el_cabo_de_san_juan_alicante-1-768x576.jpg 768w, https:\/\/alicanteabout.com\/wp-content\/uploads\/2022\/08\/coves_map_at_el_cabo_de_san_juan_alicante-1-1536x1152.jpg 1536w, https:\/\/alicanteabout.com\/wp-content\/uploads\/2022\/08\/coves_map_at_el_cabo_de_san_juan_alicante-1-2048x1536.jpg 2048w\" sizes=\"auto, (max-width: 1024px) 100vw, 1024px\" \/><figcaption class=\"wp-element-caption\">Carte des criques et sentiers de El Cabo de San Juan Alicante<\/figcaption><\/figure>\n\n\n\n<p>Partons \u00e0 la d\u00e9couverte des criques les plus c\u00e9l\u00e8bres.<\/p>\n\n\n\n<h3 class=\"wp-block-heading\">La Palmera Cove<\/h3>\n\n\n\n<p>L'une des criques les plus connues d'El Cabo est La Palmera (qui se traduit par le palmier). Paradoxalement, cette crique ne compte pas plus de palmiers, ou d'arbres en g\u00e9n\u00e9ral, que les autres criques d'El Cabo. <em>El Cabo<\/em>.<\/p>\n\n\n\n<figure class=\"wp-block-image size-large\"><img loading=\"lazy\" decoding=\"async\" width=\"1024\" height=\"768\" src=\"https:\/\/alicanteabout.com\/wp-content\/uploads\/2022\/08\/la-palmera-cove-el-cabo-de-san-juan-1024x768.jpg\" alt=\"\" class=\"wp-image-3493\" srcset=\"https:\/\/alicanteabout.com\/wp-content\/uploads\/2022\/08\/la-palmera-cove-el-cabo-de-san-juan-1024x768.jpg 1024w, https:\/\/alicanteabout.com\/wp-content\/uploads\/2022\/08\/la-palmera-cove-el-cabo-de-san-juan-300x225.jpg 300w, https:\/\/alicanteabout.com\/wp-content\/uploads\/2022\/08\/la-palmera-cove-el-cabo-de-san-juan-768x576.jpg 768w, https:\/\/alicanteabout.com\/wp-content\/uploads\/2022\/08\/la-palmera-cove-el-cabo-de-san-juan-1536x1152.jpg 1536w, https:\/\/alicanteabout.com\/wp-content\/uploads\/2022\/08\/la-palmera-cove-el-cabo-de-san-juan-2048x1536.jpg 2048w\" sizes=\"auto, (max-width: 1024px) 100vw, 1024px\" \/><figcaption class=\"wp-element-caption\">La Palmera Cove \u00e0 El Cabo de San Juan<\/figcaption><\/figure>\n\n\n\n<p>Cette crique dispose d'une petite plage qui facilite l'acc\u00e8s \u00e0 l'eau. Je vous recommande n\u00e9anmoins de porter des chaussures mouill\u00e9es pour vous promener. De plus, la plage est petite et peut \u00eatre un peu encombr\u00e9e, il est donc pr\u00e9f\u00e9rable de passer par les autres parties de la crique.<\/p>\n\n\n\n<p>Il y a des zones rocheuses plates qui sont sous l'eau mais juste \u00e0 la hauteur des chevilles. Ces rochers cr\u00e9ent une sorte de trampoline naturel lorsqu'ils se terminent comme sur une falaise aquatique. L\u00e0, vous aurez besoin de vos chaussures aquatiques.<\/p>\n\n\n\n<h3 class=\"wp-block-heading\">Anse Cantalar<\/h3>\n\n\n\n<p>Il s'agit de la deuxi\u00e8me crique la plus c\u00e9l\u00e8bre de <em>El Cabo<\/em>. La configuration est similaire \u00e0 celle de <em>La Palmera<\/em>Le site de l'\u00eele : une petite plage avec des zones rocheuses autour d'elle.<\/p>\n\n\n\n<figure class=\"wp-block-image size-large\"><img loading=\"lazy\" decoding=\"async\" width=\"1024\" height=\"768\" src=\"https:\/\/alicanteabout.com\/wp-content\/uploads\/2022\/08\/cala_el_cantalar_el_cabo_alicante-1024x768.jpg\" alt=\"\" class=\"wp-image-3513\" srcset=\"https:\/\/alicanteabout.com\/wp-content\/uploads\/2022\/08\/cala_el_cantalar_el_cabo_alicante-1024x768.jpg 1024w, https:\/\/alicanteabout.com\/wp-content\/uploads\/2022\/08\/cala_el_cantalar_el_cabo_alicante-300x225.jpg 300w, https:\/\/alicanteabout.com\/wp-content\/uploads\/2022\/08\/cala_el_cantalar_el_cabo_alicante-768x576.jpg 768w, https:\/\/alicanteabout.com\/wp-content\/uploads\/2022\/08\/cala_el_cantalar_el_cabo_alicante-1536x1152.jpg 1536w, https:\/\/alicanteabout.com\/wp-content\/uploads\/2022\/08\/cala_el_cantalar_el_cabo_alicante-2048x1536.jpg 2048w\" sizes=\"auto, (max-width: 1024px) 100vw, 1024px\" \/><figcaption class=\"wp-element-caption\">Cantalar Cove \u00e0 El Cabo de San Juan<\/figcaption><\/figure>\n\n\n\n<p>L\u00e0 encore, je recommande l'utilisation de chaussures mouill\u00e9es.<\/p>\n\n\n\n<p>L'inconv\u00e9nient de cette anse par rapport \u00e0 la <em>La Palmera<\/em> est l'acc\u00e8s. Quel que soit l'endroit o\u00f9 vous garez votre voiture ou le point le plus proche de la crique, il y aura 5 \u00e0 10 minutes de marche.<\/p>\n\n\n\n<p>Les meilleurs endroits pour se garer sont...<\/p>\n\n\n\n<h2 class=\"wp-block-heading\">Zones naturistes<\/h2>\n\n\n\n<p>El Cabo est traditionnellement un territoire pour les nageurs naturistes. Pendant les p\u00e9riodes de pointe de l'\u00e9t\u00e9, il n'est pas tr\u00e8s courant de les trouver sur les principales criques.<\/p>\n\n\n\n<figure class=\"wp-block-image size-large\"><img loading=\"lazy\" decoding=\"async\" width=\"1024\" height=\"768\" src=\"https:\/\/alicanteabout.com\/wp-content\/uploads\/2022\/08\/naturist-girl-el-cabo-san-juan-1024x768.jpg\" alt=\"\" class=\"wp-image-3496\" srcset=\"https:\/\/alicanteabout.com\/wp-content\/uploads\/2022\/08\/naturist-girl-el-cabo-san-juan-1024x768.jpg 1024w, https:\/\/alicanteabout.com\/wp-content\/uploads\/2022\/08\/naturist-girl-el-cabo-san-juan-300x225.jpg 300w, https:\/\/alicanteabout.com\/wp-content\/uploads\/2022\/08\/naturist-girl-el-cabo-san-juan-768x576.jpg 768w, https:\/\/alicanteabout.com\/wp-content\/uploads\/2022\/08\/naturist-girl-el-cabo-san-juan-1536x1152.jpg 1536w, https:\/\/alicanteabout.com\/wp-content\/uploads\/2022\/08\/naturist-girl-el-cabo-san-juan-2048x1536.jpg 2048w\" sizes=\"auto, (max-width: 1024px) 100vw, 1024px\" \/><figcaption class=\"wp-element-caption\">Fille naturiste \u00e0 El Cabo de San Juan \u00e0 Alicante<\/figcaption><\/figure>\n\n\n\n<p>Si vous voulez vous d\u00e9shabiller \u00e0 <em>El Cabo<\/em> En \u00e9t\u00e9, il suffit de marcher jusqu'aux endroits situ\u00e9s pr\u00e8s des criques les plus fr\u00e9quent\u00e9es, o\u00f9 d'autres tanneurs s'allongent \u00e9galement sur les rochers, sans tissu.<\/p>\n\n\n\n<h2 class=\"wp-block-heading\">Services \u00e0 El Cabo de Las Huertas<\/h2>\n\n\n\n<p>Comme vous pouvez le voir, il y a diff\u00e9rentes criques et diff\u00e9rents endroits pour se baigner. Vous pouvez vous baigner n'importe o\u00f9 dans <em>El Cabo de San Juan<\/em> si vous \u00eates dou\u00e9 pour l'escalade facile.<\/p>\n\n\n\n<p>Cette libert\u00e9 a une contrepartie : il n'y a pas de services officiels au sein de l'Union europ\u00e9enne. <em>Cabo de San Juan<\/em>.<\/p>\n\n\n\n<p>Pas de sauveteurs, pas de poubelles, pas de services de nettoyage, pas de toilettes... rien. Juste vous, la mer et les autres nageurs et bronzeurs.<\/p>\n\n\n\n<p>Mais ne vous laissez pas abattre par ce manque de services, la r\u00e9gion est magnifique et plus calme que les plages telles que <a href=\"https:\/\/alicanteabout.com\/fr\/lieux\/plages\/plage-du-postiguet-alicante\/\">El Postiguet<\/a>. Si vous vivez \u00e0 Alicante ou si vous y restez plus longtemps, il vaut la peine de visiter cette partie \u00e9tonnante de la ville.<\/p>\n\n\n\n<h2 class=\"wp-block-heading\">Comment se rendre \u00e0 El Cabo ?<\/h2>\n\n\n\n<p>Selon les criques et les zones, les parkings, les arr\u00eats de bus et de tramway peuvent \u00eatre meilleurs ou diff\u00e9rents.<\/p>\n\n\n\n<h3 class=\"wp-block-heading\">Vers La Palmera Cove<\/h3>\n\n\n\n<p>Il s'agit probablement de l'anse la mieux communiqu\u00e9e au sein de l'Union europ\u00e9enne. <em>El Cabo<\/em>.<\/p>\n\n\n\n<p>En tramway, le meilleur arr\u00eat est Cabo Huertas sur les lignes 4 et 5 et il faut compter environ 15-20 minutes de marche jusqu'\u00e0 la crique. <a href=\"https:\/\/alicanteabout.com\/fr\/transport\/alicante-tram-prices-timetables-routes\/\">D'ailleurs, toutes les informations sur la fa\u00e7on de payer le tram, les trains, les tarifs, les zones, etc. se trouvent dans cet article.<\/a><\/p>\n\n\n\n<p><a href=\"https:\/\/alicanteabout.com\/fr\/transport\/alicante-bus-prix-horaires-itineraires\/\">En bus<\/a>, le meilleur arr\u00eat est <em>Camino del Faro 17<\/em>, le <a href=\"https:\/\/alicante.vectalia.es\/linea\/22-alicante-cabo-de-la-huerta-playa-san-juan-3\/#linea=22\" target=\"_blank\" rel=\"noreferrer noopener\">lignes 22<\/a> et <a href=\"https:\/\/alicante.vectalia.es\/linea\/22n-alicante-plaza-puerta-del-mar-cabo-de-las-huertas-playa-san-juan\/#linea=22N\" target=\"_blank\" rel=\"noreferrer noopener\">22N<\/a> et, pour la crique, cela prend environ 10 minutes.<\/p>\n\n\n\n<p>De plus, il y a deux parkings \u00e0 La Palmera, l'un \u00e0 c\u00f4t\u00e9 de l'autre. L'un est goudronn\u00e9, l'autre non. Les deux parkings ont une capacit\u00e9 d'accueil correcte pour <em>La Palmera<\/em>. Et je veux dire par l\u00e0 qu'il ne faut pas s'attendre \u00e0 trouver une place de parking facile un samedi matin d'ao\u00fbt, mais un samedi matin de septembre, cela devrait aller.<\/p>\n\n\n\n<p>Voici celle avec le tarmac :<\/p>\n\n\n\n<iframe src=\"https:\/\/www.google.com\/maps\/embed?pb=!1m18!1m12!1m3!1d985.9043278136139!2d-0.4110951707585143!3d38.35313999872865!2m3!1f0!2f0!3f0!3m2!1i1024!2i768!4f13.1!3m3!1m2!1s0x0%3A0x95c2aa8a4275d1d4!2zMzjCsDIxJzExLjMiTiAwwrAyNCczOC4wIlc!5e1!3m2!1ses!2ses!4v1659551629843!5m2!1ses!2ses\" style=\"border:0;\" allowfullscreen=\"\" loading=\"lazy\" referrerpolicy=\"no-referrer-when-downgrade\" width=\"400\" height=\"300\"><\/iframe>\n\n\n\n<figure class=\"wp-block-image size-large\"><img loading=\"lazy\" decoding=\"async\" width=\"1024\" height=\"768\" src=\"https:\/\/alicanteabout.com\/wp-content\/uploads\/2022\/08\/no-tarmac-parking-lot-la-palmera-el-cabo-1024x768.jpg\" alt=\"\" class=\"wp-image-3494\" srcset=\"https:\/\/alicanteabout.com\/wp-content\/uploads\/2022\/08\/no-tarmac-parking-lot-la-palmera-el-cabo-1024x768.jpg 1024w, https:\/\/alicanteabout.com\/wp-content\/uploads\/2022\/08\/no-tarmac-parking-lot-la-palmera-el-cabo-300x225.jpg 300w, https:\/\/alicanteabout.com\/wp-content\/uploads\/2022\/08\/no-tarmac-parking-lot-la-palmera-el-cabo-768x576.jpg 768w, https:\/\/alicanteabout.com\/wp-content\/uploads\/2022\/08\/no-tarmac-parking-lot-la-palmera-el-cabo-1536x1152.jpg 1536w, https:\/\/alicanteabout.com\/wp-content\/uploads\/2022\/08\/no-tarmac-parking-lot-la-palmera-el-cabo-2048x1536.jpg 2048w\" sizes=\"auto, (max-width: 1024px) 100vw, 1024px\" \/><figcaption class=\"wp-element-caption\">Parking sans asphalte \u00e0 La Palmera Cove<\/figcaption><\/figure>\n\n\n\n<p>Et voici celui qui n'a pas d'asphalte :<\/p>\n\n\n\n<iframe src=\"https:\/\/www.google.com\/maps\/embed?pb=!1m18!1m12!1m3!1d985.9055532002254!2d-0.41180817074245374!3d38.35304999872867!2m3!1f0!2f0!3f0!3m2!1i1024!2i768!4f13.1!3m3!1m2!1s0x0%3A0xb6baf590a3d37ded!2zMzjCsDIxJzExLjAiTiAwwrAyNCc0MC41Ilc!5e1!3m2!1ses!2ses!4v1659551606320!5m2!1ses!2ses\" style=\"border:0;\" allowfullscreen=\"\" loading=\"lazy\" referrerpolicy=\"no-referrer-when-downgrade\" width=\"400\" height=\"300\"><\/iframe>\n\n\n\n<h3 class=\"wp-block-heading\">Vers l'anse El Cantalar<\/h3>\n\n\n\n<p>La crique <em>El Cantalar<\/em> sont l\u00e9g\u00e8rement plus difficiles d'acc\u00e8s que les <em>La Palmera<\/em>. Les endroits o\u00f9 vous pouvez garer votre voiture ou descendre du bus se trouvent \u00e0 environ 500 m de la crique proprement dite.<\/p>\n\n\n\n<p>Le chemin qui m\u00e8ne \u00e0 la crique est un chemin de terre. Il traverse une belle for\u00eat de pins et la difficult\u00e9 est tr\u00e8s faible.<\/p>\n\n\n\n<p>L'arr\u00eat de bus pour se rendre \u00e0 la crique est le suivant <em>Tridente - Costa Blanca<\/em> sur <a href=\"https:\/\/alicante.vectalia.es\/en\/linea\/22-alicante-cabo-de-la-huerta-playa-san-juan-3\/#linea=22\" target=\"_blank\" rel=\"noreferrer noopener\">ligne de bus 22<\/a> et <a href=\"https:\/\/alicante.vectalia.es\/en\/linea\/22n-alicante-plaza-puerta-del-mar-cabo-de-las-huertas-playa-san-juan\/#linea=22N\" target=\"_blank\" rel=\"noreferrer noopener\">bus de nuit ligne 22N<\/a>. Il faut environ 10 minutes pour se rendre \u00e0 pied \u00e0 la crique.<\/p>\n\n\n\n<figure class=\"wp-block-image size-large\"><img loading=\"lazy\" decoding=\"async\" width=\"1024\" height=\"768\" src=\"https:\/\/alicanteabout.com\/wp-content\/uploads\/2022\/08\/bus-22-at-el-cantalar-1024x768.jpg\" alt=\"\" class=\"wp-image-3515\" srcset=\"https:\/\/alicanteabout.com\/wp-content\/uploads\/2022\/08\/bus-22-at-el-cantalar-1024x768.jpg 1024w, https:\/\/alicanteabout.com\/wp-content\/uploads\/2022\/08\/bus-22-at-el-cantalar-300x225.jpg 300w, https:\/\/alicanteabout.com\/wp-content\/uploads\/2022\/08\/bus-22-at-el-cantalar-768x576.jpg 768w, https:\/\/alicanteabout.com\/wp-content\/uploads\/2022\/08\/bus-22-at-el-cantalar-1536x1152.jpg 1536w, https:\/\/alicanteabout.com\/wp-content\/uploads\/2022\/08\/bus-22-at-el-cantalar-2048x1536.jpg 2048w\" sizes=\"auto, (max-width: 1024px) 100vw, 1024px\" \/><figcaption class=\"wp-element-caption\">La ligne de bus 22 d\u00e9pose les passagers \u00e0 <em>Tridente - Costa Blanca<\/em><\/figcaption><\/figure>\n\n\n\n<p><a href=\"https:\/\/alicanteabout.com\/fr\/transport\/alicante-tram-prices-timetables-routes\/\">L'arr\u00eat du TRAM d'Alicante est <em>Tridente<\/em> aux lignes 4 et 5.<\/a> Il vous faudra environ 20 minutes pour vous rendre \u00e0 pied \u00e0 la crique.<\/p>\n\n\n\n<p>Si vous venez en voiture ou en moto, quelques places de parking sont \u00e0 votre disposition :<\/p>\n\n\n\n<iframe src=\"https:\/\/www.google.com\/maps\/embed?pb=!1m18!1m12!1m3!1d875.6675768731765!2d-0.4219930199137423!3d38.356556876431256!2m3!1f0!2f0!3f0!3m2!1i1024!2i768!4f13.1!3m3!1m2!1s0xd6238528ecd3df9%3A0x594add07a4c96604!2sEl%20Cabo%20Aparcamiento!5e1!3m2!1sen!2ses!4v1659959722808!5m2!1sen!2ses\" style=\"border:0;\" allowfullscreen=\"\" loading=\"lazy\" referrerpolicy=\"no-referrer-when-downgrade\" width=\"400\" height=\"300\"><\/iframe>\n\n\n\n<p>Il s'agit du parking principal de <em>El Cantalar<\/em> Cove. Il y a quelques autres rues dans les environs o\u00f9 vous pouvez tenter votre chance. Comme ce parking n'est pas r\u00e9serv\u00e9 aux seuls usagers, la crique se remplit tr\u00e8s vite, en particulier pendant les mois d'\u00e9t\u00e9 o\u00f9 la fr\u00e9quentation est la plus forte.<\/p>\n\n\n\n<figure class=\"wp-block-image size-large\"><img loading=\"lazy\" decoding=\"async\" width=\"1024\" height=\"768\" src=\"https:\/\/alicanteabout.com\/wp-content\/uploads\/2022\/08\/parking_nearby_el_cantalar_cove-1024x768.jpg\" alt=\"\" class=\"wp-image-3519\" srcset=\"https:\/\/alicanteabout.com\/wp-content\/uploads\/2022\/08\/parking_nearby_el_cantalar_cove-1024x768.jpg 1024w, https:\/\/alicanteabout.com\/wp-content\/uploads\/2022\/08\/parking_nearby_el_cantalar_cove-300x225.jpg 300w, https:\/\/alicanteabout.com\/wp-content\/uploads\/2022\/08\/parking_nearby_el_cantalar_cove-768x576.jpg 768w, https:\/\/alicanteabout.com\/wp-content\/uploads\/2022\/08\/parking_nearby_el_cantalar_cove-1536x1152.jpg 1536w, https:\/\/alicanteabout.com\/wp-content\/uploads\/2022\/08\/parking_nearby_el_cantalar_cove-2048x1536.jpg 2048w\" sizes=\"auto, (max-width: 1024px) 100vw, 1024px\" \/><figcaption class=\"wp-element-caption\">Parking pr\u00e8s de l'anse el Cantalar<\/figcaption><\/figure>\n\n\n\n<h2 class=\"wp-block-heading\">Conseils et recommandations<\/h2>\n\n\n\n<p>Cette zone n'est pas surveill\u00e9e par les serveurs en direct, il est donc essentiel de prendre des pr\u00e9cautions extr\u00eames lorsque vous vous rendez \u00e0 la mer :<\/p>\n\n\n\n<ul class=\"wp-block-list\">\n<li>Depuis les criques, il devrait \u00eatre facile d'entrer et de sortir de la mer, mais de nombreuses zones rocheuses rendent les choses plus difficiles.  Ne prenez pas le risque de vous blesser en vous baignant dans un endroit difficile d'acc\u00e8s.<\/li>\n\n\n\n<li>Si la mer est agit\u00e9e, mieux vaut se contenter d'entrer\/sortir sur les plages de la crique ou ne pas se baigner du tout.<\/li>\n\n\n\n<li>Il est plus facile de se d\u00e9placer dans l'eau avec des chaussures mouill\u00e9es. Il peut y avoir des rochers et des plantes marines m\u00eame dans les criques sablonneuses.<\/li>\n\n\n\n<li>Nettoyez vous-m\u00eame. Les poubelles et les services de nettoyage ne sont pas disponibles.<\/li>\n\n\n\n<li>Pr\u00e9voyez le cas o\u00f9 vous ne trouveriez pas de toilettes. Il y a des arbustes ou la mer, il faut avoir tout cela \u00e0 l'esprit.<\/li>\n\n\n\n<li>Utilisez une protection solaire et buvez de l'eau. Toujours.<\/li>\n\n\n\n<li>Encore une fois, ne prenez pas de risques. Les autres nageurs et bronzeurs ne pourront peut-\u00eatre pas vous aider.<\/li>\n<\/ul>","protected":false},"excerpt":{"rendered":"<p>El Cabo (or The Cape in English) de las Huertas is one of the most beautiful swimming areas in the city of Alicante Cabo de San Juan or San Juan Cape is an area of Alicante city between La Almadraba Beach and San Juan Beach. It is known for its expensive houses and truly beautiful [&hellip;]<\/p>\n","protected":false},"author":1,"featured_media":3492,"comment_status":"open","ping_status":"open","sticky":false,"template":"","format":"standard","meta":{"footnotes":""},"categories":[56],"tags":[],"class_list":["post-3469","post","type-post","status-publish","format-standard","has-post-thumbnail","hentry","category-beaches"],"yoast_head":"<!-- This site is optimized with the Yoast SEO plugin v27.1.1 - https:\/\/yoast.com\/product\/yoast-seo-wordpress\/ -->\n<title>Cabo de Las Huertas Coves \u2013 Services, Location &amp; Tips \u2772Photos\u2773 - AlicanteAbout.com<\/title>\n<meta name=\"description\" content=\"El Cabo (or The Cape) de las Huertas is one of the most beautiful swimming areas in the city of Alicante featuring natural rock beaches\" \/>\n<meta name=\"robots\" content=\"index, follow, max-snippet:-1, max-image-preview:large, max-video-preview:-1\" \/>\n<link rel=\"canonical\" href=\"https:\/\/alicanteabout.com\/fr\/lieux\/plages\/cabo-de-san-juan-coves-services-location-tips-photos\/\" \/>\n<meta property=\"og:locale\" content=\"fr_FR\" \/>\n<meta property=\"og:type\" content=\"article\" \/>\n<meta property=\"og:title\" content=\"Cabo de Las Huertas Coves \u2013 Services, Location &amp; Tips \u2772Photos\u2773 - AlicanteAbout.com\" \/>\n<meta property=\"og:description\" content=\"El Cabo (or The Cape) de las Huertas is one of the most beautiful swimming areas in the city of Alicante featuring natural rock beaches\" \/>\n<meta property=\"og:url\" content=\"https:\/\/alicanteabout.com\/fr\/lieux\/plages\/cabo-de-san-juan-coves-services-location-tips-photos\/\" \/>\n<meta property=\"og:site_name\" content=\"AlicanteAbout.com\" \/>\n<meta property=\"article:publisher\" content=\"https:\/\/www.facebook.com\/AlicanteAbout\" \/>\n<meta property=\"article:published_time\" content=\"2022-08-03T19:08:27+00:00\" \/>\n<meta property=\"article:modified_time\" content=\"2026-03-06T23:34:31+00:00\" \/>\n<meta property=\"og:image\" content=\"https:\/\/alicanteabout.com\/wp-content\/uploads\/2022\/08\/el-cabo-coves-scaled.jpg\" \/>\n\t<meta property=\"og:image:width\" content=\"2560\" \/>\n\t<meta property=\"og:image:height\" content=\"1920\" \/>\n\t<meta property=\"og:image:type\" content=\"image\/jpeg\" \/>\n<meta name=\"author\" content=\"VictorSesma\" \/>\n<meta name=\"twitter:card\" content=\"summary_large_image\" \/>\n<meta name=\"twitter:creator\" content=\"@VictorSesma_\" \/>\n<meta name=\"twitter:site\" content=\"@AlicanteAbout\" \/>\n<meta name=\"twitter:label1\" content=\"\u00c9crit par\" \/>\n\t<meta name=\"twitter:data1\" content=\"VictorSesma\" \/>\n\t<meta name=\"twitter:label2\" content=\"Dur\u00e9e de lecture estim\u00e9e\" \/>\n\t<meta name=\"twitter:data2\" content=\"7 minutes\" \/>\n<script type=\"application\/ld+json\" class=\"yoast-schema-graph\">{\"@context\":\"https:\/\/schema.org\",\"@graph\":[{\"@type\":\"Article\",\"@id\":\"https:\/\/alicanteabout.com\/places\/beaches\/cabo-de-san-juan-coves-services-location-tips-photos\/#article\",\"isPartOf\":{\"@id\":\"https:\/\/alicanteabout.com\/places\/beaches\/cabo-de-san-juan-coves-services-location-tips-photos\/\"},\"author\":{\"name\":\"VictorSesma\",\"@id\":\"https:\/\/alicanteabout.com\/#\/schema\/person\/a7d046d7b26df76ff16c9f82ffe46613\"},\"headline\":\"Cabo de Las Huertas Coves \u2013 Services, Location &#038; Tips \u2772Photos\u2773\",\"datePublished\":\"2022-08-03T19:08:27+00:00\",\"dateModified\":\"2026-03-06T23:34:31+00:00\",\"mainEntityOfPage\":{\"@id\":\"https:\/\/alicanteabout.com\/places\/beaches\/cabo-de-san-juan-coves-services-location-tips-photos\/\"},\"wordCount\":1177,\"commentCount\":0,\"image\":{\"@id\":\"https:\/\/alicanteabout.com\/places\/beaches\/cabo-de-san-juan-coves-services-location-tips-photos\/#primaryimage\"},\"thumbnailUrl\":\"https:\/\/alicanteabout.com\/wp-content\/uploads\/2022\/08\/el-cabo-coves-scaled.jpg\",\"articleSection\":[\"Beaches\"],\"inLanguage\":\"fr-FR\",\"potentialAction\":[{\"@type\":\"CommentAction\",\"name\":\"Comment\",\"target\":[\"https:\/\/alicanteabout.com\/places\/beaches\/cabo-de-san-juan-coves-services-location-tips-photos\/#respond\"]}]},{\"@type\":\"WebPage\",\"@id\":\"https:\/\/alicanteabout.com\/places\/beaches\/cabo-de-san-juan-coves-services-location-tips-photos\/\",\"url\":\"https:\/\/alicanteabout.com\/places\/beaches\/cabo-de-san-juan-coves-services-location-tips-photos\/\",\"name\":\"Cabo de Las Huertas Coves \u2013 Services, Location & Tips \u2772Photos\u2773 - AlicanteAbout.com\",\"isPartOf\":{\"@id\":\"https:\/\/alicanteabout.com\/#website\"},\"primaryImageOfPage\":{\"@id\":\"https:\/\/alicanteabout.com\/places\/beaches\/cabo-de-san-juan-coves-services-location-tips-photos\/#primaryimage\"},\"image\":{\"@id\":\"https:\/\/alicanteabout.com\/places\/beaches\/cabo-de-san-juan-coves-services-location-tips-photos\/#primaryimage\"},\"thumbnailUrl\":\"https:\/\/alicanteabout.com\/wp-content\/uploads\/2022\/08\/el-cabo-coves-scaled.jpg\",\"datePublished\":\"2022-08-03T19:08:27+00:00\",\"dateModified\":\"2026-03-06T23:34:31+00:00\",\"author\":{\"@id\":\"https:\/\/alicanteabout.com\/#\/schema\/person\/a7d046d7b26df76ff16c9f82ffe46613\"},\"description\":\"El Cabo (or The Cape) de las Huertas is one of the most beautiful swimming areas in the city of Alicante featuring natural rock beaches\",\"breadcrumb\":{\"@id\":\"https:\/\/alicanteabout.com\/places\/beaches\/cabo-de-san-juan-coves-services-location-tips-photos\/#breadcrumb\"},\"inLanguage\":\"fr-FR\",\"potentialAction\":[{\"@type\":\"ReadAction\",\"target\":[\"https:\/\/alicanteabout.com\/places\/beaches\/cabo-de-san-juan-coves-services-location-tips-photos\/\"]}]},{\"@type\":\"ImageObject\",\"inLanguage\":\"fr-FR\",\"@id\":\"https:\/\/alicanteabout.com\/places\/beaches\/cabo-de-san-juan-coves-services-location-tips-photos\/#primaryimage\",\"url\":\"https:\/\/alicanteabout.com\/wp-content\/uploads\/2022\/08\/el-cabo-coves-scaled.jpg\",\"contentUrl\":\"https:\/\/alicanteabout.com\/wp-content\/uploads\/2022\/08\/el-cabo-coves-scaled.jpg\",\"width\":2560,\"height\":1920,\"caption\":\"El Cabo de San Juan Alicante\"},{\"@type\":\"BreadcrumbList\",\"@id\":\"https:\/\/alicanteabout.com\/places\/beaches\/cabo-de-san-juan-coves-services-location-tips-photos\/#breadcrumb\",\"itemListElement\":[{\"@type\":\"ListItem\",\"position\":1,\"name\":\"Home\",\"item\":\"https:\/\/alicanteabout.com\/\"},{\"@type\":\"ListItem\",\"position\":2,\"name\":\"Cabo de Las Huertas Coves \u2013 Services, Location &#038; Tips \u2772Photos\u2773\"}]},{\"@type\":\"WebSite\",\"@id\":\"https:\/\/alicanteabout.com\/#website\",\"url\":\"https:\/\/alicanteabout.com\/\",\"name\":\"AlicanteAbout.com\",\"description\":\"Your Guide to Alicante [By an Alicantinian]\",\"potentialAction\":[{\"@type\":\"SearchAction\",\"target\":{\"@type\":\"EntryPoint\",\"urlTemplate\":\"https:\/\/alicanteabout.com\/?s={search_term_string}\"},\"query-input\":{\"@type\":\"PropertyValueSpecification\",\"valueRequired\":true,\"valueName\":\"search_term_string\"}}],\"inLanguage\":\"fr-FR\"},{\"@type\":\"Person\",\"@id\":\"https:\/\/alicanteabout.com\/#\/schema\/person\/a7d046d7b26df76ff16c9f82ffe46613\",\"name\":\"VictorSesma\",\"image\":{\"@type\":\"ImageObject\",\"inLanguage\":\"fr-FR\",\"@id\":\"https:\/\/alicanteabout.com\/#\/schema\/person\/image\/\",\"url\":\"https:\/\/secure.gravatar.com\/avatar\/4c5e28cd336f9d14835224a24b5dcab3f127cd8a4095f0a20ae4998943be87fa?s=96&d=mm&r=g\",\"contentUrl\":\"https:\/\/secure.gravatar.com\/avatar\/4c5e28cd336f9d14835224a24b5dcab3f127cd8a4095f0a20ae4998943be87fa?s=96&d=mm&r=g\",\"caption\":\"VictorSesma\"},\"description\":\"Hey, I am Victor Sesma, the Alicantinian living in London. The duality of living in both worlds helps me understand what people need to know about Alicante. My first-hand experience about the city I am from helps me write the most useful resources on the internet about Alicante. I work as a Software Engineer and thrive writing about the city I was born.\",\"sameAs\":[\"https:\/\/victorsesma.com\",\"https:\/\/www.linkedin.com\/in\/victor-sesma-3b2291104\/\",\"https:\/\/x.com\/VictorSesma_\"],\"url\":\"https:\/\/alicanteabout.com\/fr\/author\/victorsesma\/\"}]}<\/script>\n<!-- \/ Yoast SEO plugin. -->","yoast_head_json":{"title":"Les criques de Cabo de Las Huertas - Services, localisation et conseils \u2772Photos\u2773 - AlicanteAbout.com","description":"El Cabo (ou Le Cap) de las Huertas est l'une des plus belles zones de baignade de la ville d'Alicante, avec des plages de rochers naturels.","robots":{"index":"index","follow":"follow","max-snippet":"max-snippet:-1","max-image-preview":"max-image-preview:large","max-video-preview":"max-video-preview:-1"},"canonical":"https:\/\/alicanteabout.com\/fr\/lieux\/plages\/cabo-de-san-juan-coves-services-location-tips-photos\/","og_locale":"fr_FR","og_type":"article","og_title":"Cabo de Las Huertas Coves \u2013 Services, Location & Tips \u2772Photos\u2773 - AlicanteAbout.com","og_description":"El Cabo (or The Cape) de las Huertas is one of the most beautiful swimming areas in the city of Alicante featuring natural rock beaches","og_url":"https:\/\/alicanteabout.com\/fr\/lieux\/plages\/cabo-de-san-juan-coves-services-location-tips-photos\/","og_site_name":"AlicanteAbout.com","article_publisher":"https:\/\/www.facebook.com\/AlicanteAbout","article_published_time":"2022-08-03T19:08:27+00:00","article_modified_time":"2026-03-06T23:34:31+00:00","og_image":[{"width":2560,"height":1920,"url":"https:\/\/alicanteabout.com\/wp-content\/uploads\/2022\/08\/el-cabo-coves-scaled.jpg","type":"image\/jpeg"}],"author":"VictorSesma","twitter_card":"summary_large_image","twitter_creator":"@VictorSesma_","twitter_site":"@AlicanteAbout","twitter_misc":{"\u00c9crit par":"VictorSesma","Dur\u00e9e de lecture estim\u00e9e":"7 minutes"},"schema":{"@context":"https:\/\/schema.org","@graph":[{"@type":"Article","@id":"https:\/\/alicanteabout.com\/places\/beaches\/cabo-de-san-juan-coves-services-location-tips-photos\/#article","isPartOf":{"@id":"https:\/\/alicanteabout.com\/places\/beaches\/cabo-de-san-juan-coves-services-location-tips-photos\/"},"author":{"name":"VictorSesma","@id":"https:\/\/alicanteabout.com\/#\/schema\/person\/a7d046d7b26df76ff16c9f82ffe46613"},"headline":"Cabo de Las Huertas Coves \u2013 Services, Location &#038; Tips \u2772Photos\u2773","datePublished":"2022-08-03T19:08:27+00:00","dateModified":"2026-03-06T23:34:31+00:00","mainEntityOfPage":{"@id":"https:\/\/alicanteabout.com\/places\/beaches\/cabo-de-san-juan-coves-services-location-tips-photos\/"},"wordCount":1177,"commentCount":0,"image":{"@id":"https:\/\/alicanteabout.com\/places\/beaches\/cabo-de-san-juan-coves-services-location-tips-photos\/#primaryimage"},"thumbnailUrl":"https:\/\/alicanteabout.com\/wp-content\/uploads\/2022\/08\/el-cabo-coves-scaled.jpg","articleSection":["Beaches"],"inLanguage":"fr-FR","potentialAction":[{"@type":"CommentAction","name":"Comment","target":["https:\/\/alicanteabout.com\/places\/beaches\/cabo-de-san-juan-coves-services-location-tips-photos\/#respond"]}]},{"@type":"WebPage","@id":"https:\/\/alicanteabout.com\/places\/beaches\/cabo-de-san-juan-coves-services-location-tips-photos\/","url":"https:\/\/alicanteabout.com\/places\/beaches\/cabo-de-san-juan-coves-services-location-tips-photos\/","name":"Les criques de Cabo de Las Huertas - Services, localisation et conseils \u2772Photos\u2773 - AlicanteAbout.com","isPartOf":{"@id":"https:\/\/alicanteabout.com\/#website"},"primaryImageOfPage":{"@id":"https:\/\/alicanteabout.com\/places\/beaches\/cabo-de-san-juan-coves-services-location-tips-photos\/#primaryimage"},"image":{"@id":"https:\/\/alicanteabout.com\/places\/beaches\/cabo-de-san-juan-coves-services-location-tips-photos\/#primaryimage"},"thumbnailUrl":"https:\/\/alicanteabout.com\/wp-content\/uploads\/2022\/08\/el-cabo-coves-scaled.jpg","datePublished":"2022-08-03T19:08:27+00:00","dateModified":"2026-03-06T23:34:31+00:00","author":{"@id":"https:\/\/alicanteabout.com\/#\/schema\/person\/a7d046d7b26df76ff16c9f82ffe46613"},"description":"El Cabo (ou Le Cap) de las Huertas est l'une des plus belles zones de baignade de la ville d'Alicante, avec des plages de rochers naturels.","breadcrumb":{"@id":"https:\/\/alicanteabout.com\/places\/beaches\/cabo-de-san-juan-coves-services-location-tips-photos\/#breadcrumb"},"inLanguage":"fr-FR","potentialAction":[{"@type":"ReadAction","target":["https:\/\/alicanteabout.com\/places\/beaches\/cabo-de-san-juan-coves-services-location-tips-photos\/"]}]},{"@type":"ImageObject","inLanguage":"fr-FR","@id":"https:\/\/alicanteabout.com\/places\/beaches\/cabo-de-san-juan-coves-services-location-tips-photos\/#primaryimage","url":"https:\/\/alicanteabout.com\/wp-content\/uploads\/2022\/08\/el-cabo-coves-scaled.jpg","contentUrl":"https:\/\/alicanteabout.com\/wp-content\/uploads\/2022\/08\/el-cabo-coves-scaled.jpg","width":2560,"height":1920,"caption":"El Cabo de San Juan Alicante"},{"@type":"BreadcrumbList","@id":"https:\/\/alicanteabout.com\/places\/beaches\/cabo-de-san-juan-coves-services-location-tips-photos\/#breadcrumb","itemListElement":[{"@type":"ListItem","position":1,"name":"Home","item":"https:\/\/alicanteabout.com\/"},{"@type":"ListItem","position":2,"name":"Cabo de Las Huertas Coves \u2013 Services, Location &#038; Tips \u2772Photos\u2773"}]},{"@type":"WebSite","@id":"https:\/\/alicanteabout.com\/#website","url":"https:\/\/alicanteabout.com\/","name":"AlicanteAbout.com","description":"Your Guide to Alicante [By an Alicantinian]","potentialAction":[{"@type":"SearchAction","target":{"@type":"EntryPoint","urlTemplate":"https:\/\/alicanteabout.com\/?s={search_term_string}"},"query-input":{"@type":"PropertyValueSpecification","valueRequired":true,"valueName":"search_term_string"}}],"inLanguage":"fr-FR"},{"@type":"Person","@id":"https:\/\/alicanteabout.com\/#\/schema\/person\/a7d046d7b26df76ff16c9f82ffe46613","name":"VictorSesma","image":{"@type":"ImageObject","inLanguage":"fr-FR","@id":"https:\/\/alicanteabout.com\/#\/schema\/person\/image\/","url":"https:\/\/secure.gravatar.com\/avatar\/4c5e28cd336f9d14835224a24b5dcab3f127cd8a4095f0a20ae4998943be87fa?s=96&d=mm&r=g","contentUrl":"https:\/\/secure.gravatar.com\/avatar\/4c5e28cd336f9d14835224a24b5dcab3f127cd8a4095f0a20ae4998943be87fa?s=96&d=mm&r=g","caption":"VictorSesma"},"description":"Bonjour, je suis Victor Sesma, l'Alicantinien qui vit \u00e0 Londres. Le fait de vivre dans les deux mondes m'aide \u00e0 comprendre ce que les gens ont besoin de savoir sur Alicante. Mon exp\u00e9rience directe de la ville d'o\u00f9 je viens m'aide \u00e0 \u00e9crire les ressources les plus utiles sur Internet \u00e0 propos d'Alicante. Je travaille comme ing\u00e9nieur en logiciel et j'aime \u00e9crire sur la ville o\u00f9 je suis n\u00e9.","sameAs":["https:\/\/victorsesma.com","https:\/\/www.linkedin.com\/in\/victor-sesma-3b2291104\/","https:\/\/x.com\/VictorSesma_"],"url":"https:\/\/alicanteabout.com\/fr\/author\/victorsesma\/"}]}},"_links":{"self":[{"href":"https:\/\/alicanteabout.com\/fr\/wp-json\/wp\/v2\/posts\/3469","targetHints":{"allow":["GET"]}}],"collection":[{"href":"https:\/\/alicanteabout.com\/fr\/wp-json\/wp\/v2\/posts"}],"about":[{"href":"https:\/\/alicanteabout.com\/fr\/wp-json\/wp\/v2\/types\/post"}],"author":[{"embeddable":true,"href":"https:\/\/alicanteabout.com\/fr\/wp-json\/wp\/v2\/users\/1"}],"replies":[{"embeddable":true,"href":"https:\/\/alicanteabout.com\/fr\/wp-json\/wp\/v2\/comments?post=3469"}],"version-history":[{"count":22,"href":"https:\/\/alicanteabout.com\/fr\/wp-json\/wp\/v2\/posts\/3469\/revisions"}],"predecessor-version":[{"id":6854,"href":"https:\/\/alicanteabout.com\/fr\/wp-json\/wp\/v2\/posts\/3469\/revisions\/6854"}],"wp:featuredmedia":[{"embeddable":true,"href":"https:\/\/alicanteabout.com\/fr\/wp-json\/wp\/v2\/media\/3492"}],"wp:attachment":[{"href":"https:\/\/alicanteabout.com\/fr\/wp-json\/wp\/v2\/media?parent=3469"}],"wp:term":[{"taxonomy":"category","embeddable":true,"href":"https:\/\/alicanteabout.com\/fr\/wp-json\/wp\/v2\/categories?post=3469"},{"taxonomy":"post_tag","embeddable":true,"href":"https:\/\/alicanteabout.com\/fr\/wp-json\/wp\/v2\/tags?post=3469"}],"curies":[{"name":"wp","href":"https:\/\/api.w.org\/{rel}","templated":true}]}}