{"id":4407,"date":"2022-12-30T15:03:56","date_gmt":"2022-12-30T15:03:56","guid":{"rendered":"https:\/\/alicanteabout.com\/?p=4407"},"modified":"2026-03-06T23:31:54","modified_gmt":"2026-03-06T23:31:54","slug":"muzeum-archeologiczne-marq-w-alicante","status":"publish","type":"post","link":"https:\/\/alicanteabout.com\/pl\/things-to-know\/marq-archaeological-museum-in-alicante\/","title":{"rendered":"Muzeum Archeologiczne MARQ w Alicante - Przewodnik na rok 2024"},"content":{"rendered":"<p><a href=\"https:\/\/alicanteabout.com\/pl\/rzeczy-do-zrobienia\/muzea-alicante\/\">W Alicante znajduje si\u0119 kilka muze\u00f3w<\/a> wyja\u015bniaj\u0105cy histori\u0119 i kultur\u0119 miasta i prowincji <a href=\"https:\/\/alicanteabout.com\/pl\/miejsca\/gdzie-jest-alicante-hiszpania\/\">Alicante<\/a>.<\/p>\n\n\n\n<figure class=\"wp-block-image size-large\"><img loading=\"lazy\" decoding=\"async\" width=\"1024\" height=\"768\" src=\"https:\/\/alicanteabout.com\/wp-content\/uploads\/2024\/04\/marq-museum-entrance-1024x768.jpg\" alt=\"\" class=\"wp-image-6545\" srcset=\"https:\/\/alicanteabout.com\/wp-content\/uploads\/2024\/04\/marq-museum-entrance-1024x768.jpg 1024w, https:\/\/alicanteabout.com\/wp-content\/uploads\/2024\/04\/marq-museum-entrance-300x225.jpg 300w, https:\/\/alicanteabout.com\/wp-content\/uploads\/2024\/04\/marq-museum-entrance-768x576.jpg 768w, https:\/\/alicanteabout.com\/wp-content\/uploads\/2024\/04\/marq-museum-entrance-1536x1152.jpg 1536w, https:\/\/alicanteabout.com\/wp-content\/uploads\/2024\/04\/marq-museum-entrance-2048x1536.jpg 2048w, https:\/\/alicanteabout.com\/wp-content\/uploads\/2024\/04\/marq-museum-entrance-16x12.jpg 16w\" sizes=\"auto, (max-width: 1024px) 100vw, 1024px\" \/><figcaption class=\"wp-element-caption\">Wej\u015bcie do muzeum Marq<\/figcaption><\/figure>\n\n\n\n<p>Muzeum MARQ jest wystaw\u0105 archeologiczn\u0105 przedmiot\u00f3w z prowincji Alicante odpowiadaj\u0105cych r\u00f3\u017cnym epokom: <strong>Prehistoria, iberyjska, rzymska, \u015bredniowiecze oraz nowo\u017cytno\u015b\u0107 i wsp\u00f3\u0142czesno\u015b\u0107<\/strong>. Dzi\u0119ki eksponatom mo\u017cemy pozna\u0107 kultur\u0119, ekonomi\u0119 i organizacj\u0119 spo\u0142ecze\u0144stwa Alicante w ka\u017cdej epoce. Zwiedzaj\u0105cy maj\u0105 do dyspozycji interaktywne ekrany, filmy i opisy audio. <\/p>\n\n\n\n<p>MARQ jest jednym z najwa\u017cniejszych muze\u00f3w w mie\u015bcie. Sk\u0142ada si\u0119 z g\u0142\u00f3wnego budynku wystawowego z 1931 roku i kilku stanowisk archeologicznych, takich jak <em>La Illeta<\/em> i <em>Lucentum<\/em>.<\/p>\n\n\n\n<h2 class=\"wp-block-heading\">Muzeum MARQ<\/h2>\n\n\n\n<p>Obecne muzeum MARQ mie\u015bci si\u0119 w starym budynku szpitala z 1931 roku i zosta\u0142o otwarte w 2000 roku.<\/p>\n\n\n\n<p>Ma miejsce na 6 g\u0142\u00f3wnych sta\u0142ych ekspozycji, kilka replik wykopalisk archeologicznych i tymczasowe ekspozycje.<\/p>\n\n\n\n<p>6 sta\u0142ych pokoi to:<\/p>\n\n\n\n<h3 class=\"wp-block-heading\">Prehistoria<\/h3>\n\n\n\n<figure class=\"wp-block-image size-large\"><img loading=\"lazy\" decoding=\"async\" width=\"1024\" height=\"768\" src=\"https:\/\/alicanteabout.com\/wp-content\/uploads\/2022\/12\/marq-museum-prehistory-1024x768.jpg\" alt=\"\" class=\"wp-image-4435\" srcset=\"https:\/\/alicanteabout.com\/wp-content\/uploads\/2022\/12\/marq-museum-prehistory-1024x768.jpg 1024w, https:\/\/alicanteabout.com\/wp-content\/uploads\/2022\/12\/marq-museum-prehistory-300x225.jpg 300w, https:\/\/alicanteabout.com\/wp-content\/uploads\/2022\/12\/marq-museum-prehistory-768x576.jpg 768w, https:\/\/alicanteabout.com\/wp-content\/uploads\/2022\/12\/marq-museum-prehistory-1536x1152.jpg 1536w, https:\/\/alicanteabout.com\/wp-content\/uploads\/2022\/12\/marq-museum-prehistory-2048x1536.jpg 2048w\" sizes=\"auto, (max-width: 1024px) 100vw, 1024px\" \/><figcaption class=\"wp-element-caption\">Wst\u0119p na wystaw\u0119 Prehistoria w MARQ Alicante<\/figcaption><\/figure>\n\n\n\n<p>Ta sta\u0142a sala prezentuje przedmioty z okresu prehistorii, pocz\u0105wszy od oko\u0142o 100 000 lat temu do VIII wieku pne. Znajduje si\u0119 tu ponad tysi\u0105c przedmiot\u00f3w pochodz\u0105cych z r\u00f3\u017cnych \u00f3wczesnych spo\u0142ecze\u0144stw: \u0142owc\u00f3w-zbieraczy, rolnik\u00f3w i pasterzy oraz wczesnych metalurg\u00f3w.<\/p>\n\n\n\n<p>Uwa\u017ca si\u0119, \u017ce koniec tego okresu (VIII p.n.e.) mia\u0142 miejsce, gdy rdzenne wioski wesz\u0142y w kontakt z Fenicjanami, kt\u00f3rzy rozwin\u0119li si\u0119 w kultur\u0119 iberyjsk\u0105.<\/p>\n\n\n\n<h3 class=\"wp-block-heading\">Iberyjczycy<\/h3>\n\n\n\n<figure class=\"wp-block-image size-large\"><img loading=\"lazy\" decoding=\"async\" width=\"1024\" height=\"768\" src=\"https:\/\/alicanteabout.com\/wp-content\/uploads\/2022\/12\/marq-museum-iberians-1024x768.jpg\" alt=\"\" class=\"wp-image-4432\" srcset=\"https:\/\/alicanteabout.com\/wp-content\/uploads\/2022\/12\/marq-museum-iberians-1024x768.jpg 1024w, https:\/\/alicanteabout.com\/wp-content\/uploads\/2022\/12\/marq-museum-iberians-300x225.jpg 300w, https:\/\/alicanteabout.com\/wp-content\/uploads\/2022\/12\/marq-museum-iberians-768x576.jpg 768w, https:\/\/alicanteabout.com\/wp-content\/uploads\/2022\/12\/marq-museum-iberians-1536x1152.jpg 1536w, https:\/\/alicanteabout.com\/wp-content\/uploads\/2022\/12\/marq-museum-iberians-2048x1536.jpg 2048w\" sizes=\"auto, (max-width: 1024px) 100vw, 1024px\" \/><figcaption class=\"wp-element-caption\">Wst\u0119p na wystaw\u0119 Iberians w MARQ Alicante<\/figcaption><\/figure>\n\n\n\n<p>W tym okresie, VI-I w. p.n.e., ziemie Alicantyny by\u0142y zamieszkiwane przez Konkwistador\u00f3w. Jedn\u0105 z pozostawionych przez nich spu\u015bcizn jest La Dama de Cabezo Lucero, rze\u017aba przedstawiaj\u0105ca kobiet\u0119 z fantazyjn\u0105 fryzur\u0105 i bi\u017cuteri\u0105.<\/p>\n\n\n\n<figure class=\"wp-block-image size-large\"><img loading=\"lazy\" decoding=\"async\" width=\"1024\" height=\"768\" src=\"https:\/\/alicanteabout.com\/wp-content\/uploads\/2022\/12\/dama-de-cabezo-lucero-marq-alicante-1024x768.jpg\" alt=\"\" class=\"wp-image-4443\" srcset=\"https:\/\/alicanteabout.com\/wp-content\/uploads\/2022\/12\/dama-de-cabezo-lucero-marq-alicante-1024x768.jpg 1024w, https:\/\/alicanteabout.com\/wp-content\/uploads\/2022\/12\/dama-de-cabezo-lucero-marq-alicante-300x225.jpg 300w, https:\/\/alicanteabout.com\/wp-content\/uploads\/2022\/12\/dama-de-cabezo-lucero-marq-alicante-768x576.jpg 768w, https:\/\/alicanteabout.com\/wp-content\/uploads\/2022\/12\/dama-de-cabezo-lucero-marq-alicante-1536x1152.jpg 1536w, https:\/\/alicanteabout.com\/wp-content\/uploads\/2022\/12\/dama-de-cabezo-lucero-marq-alicante-2048x1536.jpg 2048w\" sizes=\"auto, (max-width: 1024px) 100vw, 1024px\" \/><figcaption class=\"wp-element-caption\">Dama de Cabezo Lucero IV BC. w MARQ Alicante<\/figcaption><\/figure>\n\n\n\n<p>Pochodzi z IV wieku p.n.e. i ma zwi\u0105zek z <em><a href=\"https:\/\/en.wikipedia.org\/wiki\/Lady_of_Elche\" target=\"_blank\" rel=\"noreferrer noopener\">Dama de Elche<\/a><\/em>kolejne wa\u017cne dziedzictwo s\u0105siedniego miasta Elche.<\/p>\n\n\n\n<p>W tym pokoju mo\u017cna dowiedzie\u0107 si\u0119 o kulturze iberyjskiej, zawodnikach, ich ekonomii, rzemie\u015blnikach i strukturach spo\u0142ecznych, ich religii i zwi\u0105zku ze \u015bmierci\u0105 i nie tylko.<\/p>\n\n\n\n<h3 class=\"wp-block-heading\">Rzymianie<\/h3>\n\n\n\n<figure class=\"wp-block-image size-large\"><img loading=\"lazy\" decoding=\"async\" width=\"1024\" height=\"768\" src=\"https:\/\/alicanteabout.com\/wp-content\/uploads\/2022\/12\/marq-museum-romans-1024x768.jpg\" alt=\"\" class=\"wp-image-4433\" srcset=\"https:\/\/alicanteabout.com\/wp-content\/uploads\/2022\/12\/marq-museum-romans-1024x768.jpg 1024w, https:\/\/alicanteabout.com\/wp-content\/uploads\/2022\/12\/marq-museum-romans-300x225.jpg 300w, https:\/\/alicanteabout.com\/wp-content\/uploads\/2022\/12\/marq-museum-romans-768x576.jpg 768w, https:\/\/alicanteabout.com\/wp-content\/uploads\/2022\/12\/marq-museum-romans-1536x1152.jpg 1536w, https:\/\/alicanteabout.com\/wp-content\/uploads\/2022\/12\/marq-museum-romans-2048x1536.jpg 2048w\" sizes=\"auto, (max-width: 1024px) 100vw, 1024px\" \/><figcaption class=\"wp-element-caption\">Wej\u015bcie na rzymsk\u0105 wystaw\u0119 w MARQ Alicante<\/figcaption><\/figure>\n\n\n\n<p>Wystawa rzymska opowiada o pojawieniu si\u0119 kultury rzymskiej i jej wp\u0142ywie na prowincj\u0119, chrystianizmie i p\u00f3\u017anym okresie rzymskim.<\/p>\n\n\n\n<p>Rzymianie za\u0142o\u017cyli miasto Lucentum. Znajduje si\u0119 ono w Albufereta, w pobli\u017cu <a href=\"https:\/\/alicanteabout.com\/pl\/miejsca\/plaze\/plaza-la-albufereta-alicante\/\">Pla\u017ca Albufereta<\/a> i nazywa si\u0119 T<em>ossal de Manises<\/em>.<\/p>\n\n\n\n<figure class=\"wp-block-image size-large\"><img loading=\"lazy\" decoding=\"async\" width=\"1024\" height=\"768\" src=\"https:\/\/alicanteabout.com\/wp-content\/uploads\/2022\/12\/lucentum-tossal-de-manises-alicante-1024x768.jpg\" alt=\"\" class=\"wp-image-4447\" srcset=\"https:\/\/alicanteabout.com\/wp-content\/uploads\/2022\/12\/lucentum-tossal-de-manises-alicante-1024x768.jpg 1024w, https:\/\/alicanteabout.com\/wp-content\/uploads\/2022\/12\/lucentum-tossal-de-manises-alicante-300x225.jpg 300w, https:\/\/alicanteabout.com\/wp-content\/uploads\/2022\/12\/lucentum-tossal-de-manises-alicante-768x576.jpg 768w, https:\/\/alicanteabout.com\/wp-content\/uploads\/2022\/12\/lucentum-tossal-de-manises-alicante-1536x1152.jpg 1536w, https:\/\/alicanteabout.com\/wp-content\/uploads\/2022\/12\/lucentum-tossal-de-manises-alicante-2048x1536.jpg 2048w\" sizes=\"auto, (max-width: 1024px) 100vw, 1024px\" \/><figcaption class=\"wp-element-caption\">Rzymskie miasto Lucentum-Tosssal de Manises<\/figcaption><\/figure>\n\n\n\n<p>\u015alady tego okresu mo\u017cna znale\u017a\u0107 nie tylko w Lucentum, ale tak\u017ce w r\u00f3\u017cnych miejscach w Alicante, takich jak <a href=\"https:\/\/alicanteabout.com\/pl\/miejsca\/santa-barbara-zamek-alicante-winda-stopa-samochod-autobus-wskazowki\/\">Castillo de Santa Barbara<\/a> kt\u00f3ry pochodzi z IX wieku naszej ery, ale na jego zboczu znajdowa\u0142y si\u0119 przedmioty pochodz\u0105ce od Rzymian.<\/p>\n\n\n\n<h3 class=\"wp-block-heading\">\u015aredniowiecze<\/h3>\n\n\n\n<figure class=\"wp-block-image size-large\"><img loading=\"lazy\" decoding=\"async\" width=\"1024\" height=\"768\" src=\"https:\/\/alicanteabout.com\/wp-content\/uploads\/2022\/12\/marq-museum-medieval-age-1024x768.jpg\" alt=\"\" class=\"wp-image-4434\" srcset=\"https:\/\/alicanteabout.com\/wp-content\/uploads\/2022\/12\/marq-museum-medieval-age-1024x768.jpg 1024w, https:\/\/alicanteabout.com\/wp-content\/uploads\/2022\/12\/marq-museum-medieval-age-300x225.jpg 300w, https:\/\/alicanteabout.com\/wp-content\/uploads\/2022\/12\/marq-museum-medieval-age-768x576.jpg 768w, https:\/\/alicanteabout.com\/wp-content\/uploads\/2022\/12\/marq-museum-medieval-age-1536x1152.jpg 1536w, https:\/\/alicanteabout.com\/wp-content\/uploads\/2022\/12\/marq-museum-medieval-age-2048x1536.jpg 2048w\" sizes=\"auto, (max-width: 1024px) 100vw, 1024px\" \/><figcaption class=\"wp-element-caption\">Wst\u0119p na \u015bredniowieczn\u0105 wystaw\u0119 w MARQ Alicante<\/figcaption><\/figure>\n\n\n\n<p>Sala \u015aredniowieczna prezentuje dowody r\u00f3\u017cnych kultur, kt\u00f3re zamieszkiwa\u0142y Alicante w ci\u0105gu 8 wiek\u00f3w tego okresu: Islam, Chrze\u015bcija\u0144stwo i Judaizm.<\/p>\n\n\n\n<p>Miasto by\u0142o ca\u0142kowicie zanurzone w rozwoju \u015bredniowiecznej Europy.<\/p>\n\n\n\n<h3 class=\"wp-block-heading\">Era wsp\u00f3\u0142czesna<\/h3>\n\n\n\n<figure class=\"wp-block-image size-large\"><img loading=\"lazy\" decoding=\"async\" width=\"1024\" height=\"768\" src=\"https:\/\/alicanteabout.com\/wp-content\/uploads\/2022\/12\/marq-museum-modern-era-1024x768.jpg\" alt=\"\" class=\"wp-image-4436\" srcset=\"https:\/\/alicanteabout.com\/wp-content\/uploads\/2022\/12\/marq-museum-modern-era-1024x768.jpg 1024w, https:\/\/alicanteabout.com\/wp-content\/uploads\/2022\/12\/marq-museum-modern-era-300x225.jpg 300w, https:\/\/alicanteabout.com\/wp-content\/uploads\/2022\/12\/marq-museum-modern-era-768x576.jpg 768w, https:\/\/alicanteabout.com\/wp-content\/uploads\/2022\/12\/marq-museum-modern-era-1536x1152.jpg 1536w, https:\/\/alicanteabout.com\/wp-content\/uploads\/2022\/12\/marq-museum-modern-era-2048x1536.jpg 2048w\" sizes=\"auto, (max-width: 1024px) 100vw, 1024px\" \/><figcaption class=\"wp-element-caption\">Wej\u015bcie na wystaw\u0119 Modern Era w MARQ Alicante<\/figcaption><\/figure>\n\n\n\n<p>Ostatnim okresem analizowanym w tym muzeum jest kultura nowoczesna i wsp\u00f3\u0142czesna, od 1500 do 1931 roku.<\/p>\n\n\n\n<p>Na wystawie znajduj\u0105 si\u0119 dwa g\u0142\u00f3wne bloki: w\u0142adza cron od 1500 do 1808 roku i re\u017cim konstytucyjny od 1808 do 1874 roku.<\/p>\n\n\n\n<p>W tym ostatnim pokoju mo\u017cemy dowiedzie\u0107 si\u0119 o pocz\u0105tkach Alicante, jakie znamy dzisiaj.<\/p>\n\n\n\n<h2 class=\"wp-block-heading\">Inne wystawy<\/h2>\n\n\n\n<p>Opr\u00f3cz 5 du\u017cych sal odpowiadaj\u0105cych 5 okresom historycznym w Alicante, w g\u0142\u00f3wnym korytarzu Muzeum MARQ znajduje si\u0119 kilka innych ekspozycji i eksponat\u00f3w.<\/p>\n\n\n\n<p>Dwie ekspozycje pokazuj\u0105, w jaki spos\u00f3b wykopywane s\u0105 stanowiska archeologiczne. Jedno z nich to stanowisko l\u0105dowe, a drugie to stanowisko podwodne.<\/p>\n\n\n\n<figure class=\"wp-block-image size-large\"><img loading=\"lazy\" decoding=\"async\" width=\"1024\" height=\"768\" src=\"https:\/\/alicanteabout.com\/wp-content\/uploads\/2023\/01\/submarine-arqueological-site-1024x768.jpg\" alt=\"\" class=\"wp-image-4496\" srcset=\"https:\/\/alicanteabout.com\/wp-content\/uploads\/2023\/01\/submarine-arqueological-site-1024x768.jpg 1024w, https:\/\/alicanteabout.com\/wp-content\/uploads\/2023\/01\/submarine-arqueological-site-300x225.jpg 300w, https:\/\/alicanteabout.com\/wp-content\/uploads\/2023\/01\/submarine-arqueological-site-768x576.jpg 768w, https:\/\/alicanteabout.com\/wp-content\/uploads\/2023\/01\/submarine-arqueological-site.jpg 1280w\" sizes=\"auto, (max-width: 1024px) 100vw, 1024px\" \/><figcaption class=\"wp-element-caption\">Wystawa podwodnych stanowisk archeologicznych w Muzeum MARQ w Alicante<\/figcaption><\/figure>\n\n\n\n<h3 class=\"wp-block-heading\">Wystawy czasowe<\/h3>\n\n\n\n<p>Muzeum MARQ stara si\u0119 wystawia\u0107 kilka tymczasowych ekspozycji rocznie.<\/p>\n\n\n\n<p>Od 26 marca do 13 pa\u017adziernika 2024 r. odbywa si\u0119 wystawa objazdowa \"<a href=\"https:\/\/www.marqalicante.com\/dinastias\/\">Dynastie. Pierwsze kr\u00f3lestwa prehistorycznej Europy<\/a>\u201c<\/p>\n\n\n\n<p>Wystawa obejmuje 482 eksponaty z 20 muze\u00f3w i instytucji muzealnych z Hiszpanii, W\u0119gier, S\u0142owacji, Niemiec, Belgii, Portugalii i Danii.<\/p>\n\n\n\n<h3 class=\"wp-block-heading\">Lokalizacja muzeum MARQ<\/h3>\n\n\n\n<p>Adres muzeum MARQ to: <em>Plaza Doctor G\u00f3mez Ulla (brak numeru ulicy), 03013, Alicante<\/em><\/p>\n\n\n\n<iframe src=\"https:\/\/www.google.com\/maps\/embed?pb=!1m18!1m12!1m3!1d3128.785917496141!2d-0.47829668421094895!3d38.35393677965809!2m3!1f0!2f0!3f0!3m2!1i1024!2i768!4f13.1!3m3!1m2!1s0xd6237a666f7cb3d%3A0x9a7da0483cc1744!2sMuseo%20Arqueol%C3%B3gico%20de%20Alicante%20MARQ!5e0!3m2!1ses!2ses!4v1673470525270!5m2!1ses!2ses\" style=\"border:0;\" allowfullscreen=\"\" loading=\"lazy\" referrerpolicy=\"no-referrer-when-downgrade\" width=\"400\" height=\"300\"><\/iframe>\n\n\n\n<h4 class=\"wp-block-heading\">Autobus do Muzeum MARQ<\/h4>\n\n\n\n<p>The <a href=\"https:\/\/alicanteabout.com\/pl\/transport\/alicante-ceny-autobusow-rozklady-jazdy-trasy\/\">linie autobusowe<\/a> przystanki w Muzeum MARQ to: 2, 6, 9, 20 y 23<\/p>\n\n\n\n<h4 class=\"wp-block-heading\">TRAM do Muzeum MARQ<\/h4>\n\n\n\n<p>The <a href=\"https:\/\/alicanteabout.com\/pl\/transport\/alicante-ceny-tramwajow-rozklady-jazdy-trasy\/\">Linie TRAM<\/a> zatrzymuj\u0105ce si\u0119 przy muzeum MARQ to 1, 3 i 4. Przystanek nazywa si\u0119 <em>MARQ-Castillo<\/em>.<\/p>\n\n\n\n<h3 class=\"wp-block-heading\">Harmonogram Muzeum Marq<\/h3>\n\n\n\n<p>Zimowy harmonogram Muzeum Marq:<\/p>\n\n\n\n<figure class=\"wp-block-image size-large\"><img loading=\"lazy\" decoding=\"async\" width=\"1024\" height=\"768\" src=\"https:\/\/alicanteabout.com\/wp-content\/uploads\/2024\/04\/marq-museum-schechule-1024x768.jpg\" alt=\"\" class=\"wp-image-6551\" srcset=\"https:\/\/alicanteabout.com\/wp-content\/uploads\/2024\/04\/marq-museum-schechule-1024x768.jpg 1024w, https:\/\/alicanteabout.com\/wp-content\/uploads\/2024\/04\/marq-museum-schechule-300x225.jpg 300w, https:\/\/alicanteabout.com\/wp-content\/uploads\/2024\/04\/marq-museum-schechule-768x576.jpg 768w, https:\/\/alicanteabout.com\/wp-content\/uploads\/2024\/04\/marq-museum-schechule-1536x1152.jpg 1536w, https:\/\/alicanteabout.com\/wp-content\/uploads\/2024\/04\/marq-museum-schechule-2048x1536.jpg 2048w, https:\/\/alicanteabout.com\/wp-content\/uploads\/2024\/04\/marq-museum-schechule-16x12.jpg 16w\" sizes=\"auto, (max-width: 1024px) 100vw, 1024px\" \/><figcaption class=\"wp-element-caption\">Harmonogram Muzeum Marq<\/figcaption><\/figure>\n\n\n\n<h2 class=\"wp-block-heading\" id=\"archaeological-sites-by-marq\">Stanowiska archeologiczne MARQ<\/h2>\n\n\n\n<p>Istnieje r\u00f3wnie\u017c kilka stanowisk archeologicznych, kt\u00f3re s\u0105 cz\u0119\u015bci\u0105 Muzeum MARQ. S\u0105 one niezwykle wa\u017cne dla zrozumienia historii Alicante.<\/p>\n\n\n\n<h3 class=\"wp-block-heading\" id=\"lucentum\">Tossal de Maminses - Lucentum<\/h3>\n\n\n\n<p>Jest to prawdopodobnie najwa\u017cniejsze miejsce w Alicante, poniewa\u017c jest uwa\u017cane za staro\u017cytne miasto Alicante.<\/p>\n\n\n\n<figure class=\"wp-block-image size-large\"><img loading=\"lazy\" decoding=\"async\" width=\"1024\" height=\"768\" src=\"https:\/\/alicanteabout.com\/wp-content\/uploads\/2023\/01\/lucentum-alicante-entrance-1024x768.jpg\" alt=\"\" class=\"wp-image-4535\" srcset=\"https:\/\/alicanteabout.com\/wp-content\/uploads\/2023\/01\/lucentum-alicante-entrance-1024x768.jpg 1024w, https:\/\/alicanteabout.com\/wp-content\/uploads\/2023\/01\/lucentum-alicante-entrance-300x225.jpg 300w, https:\/\/alicanteabout.com\/wp-content\/uploads\/2023\/01\/lucentum-alicante-entrance-768x576.jpg 768w, https:\/\/alicanteabout.com\/wp-content\/uploads\/2023\/01\/lucentum-alicante-entrance-1536x1152.jpg 1536w, https:\/\/alicanteabout.com\/wp-content\/uploads\/2023\/01\/lucentum-alicante-entrance-2048x1536.jpg 2048w\" sizes=\"auto, (max-width: 1024px) 100vw, 1024px\" \/><figcaption class=\"wp-element-caption\">Wej\u015bcie Lucentum<\/figcaption><\/figure>\n\n\n\n<p>W okresie iberyjskim by\u0142a to osada ludzka. Po kilku stuleciach osada przekszta\u0142ci\u0142a si\u0119 w rzymskie miasto i zosta\u0142a nazwana <strong>Lucentum<\/strong>.<\/p>\n\n\n\n<p>Nazwa Lucentum jest dobrze zintegrowana z obecn\u0105 kultur\u0105 Alicante. Istnieje <a href=\"https:\/\/en.wikipedia.org\/wiki\/CB_Lucentum_Alicante\" target=\"_blank\" rel=\"noreferrer noopener\">dru\u017cyna koszyk\u00f3wki<\/a> firm i marek z t\u0105 nazw\u0105.<\/p>\n\n\n\n<p>Staro\u017cytne miasto otoczone jest oko\u0142o 600-metrowymi murami obronnymi. Znajduje si\u0119 w pobli\u017cu <a href=\"https:\/\/alicanteabout.com\/pl\/miejsca\/plaze\/plaza-la-albufereta-alicante\/\">Pla\u017ca La Albufereta<\/a> 3,5 km od obecnego centrum miasta <a href=\"https:\/\/alicanteabout.com\/pl\/miejsca\/gdzie-jest-alicante-hiszpania\/\">Alicante<\/a>.<\/p>\n\n\n\n<p>Pierwsze oznaki okupacji w <em>Lucentum<\/em> pochodz\u0105 z V wieku p.n.e., ale to w III wieku p.n.e. zbudowano mury obronne i wie\u017ce, kt\u00f3re ukszta\u0142towa\u0142y p\u00f3\u017aniejsze rzymskie miasto.<\/p>\n\n\n\n<p>Drugi <a href=\"https:\/\/en.wikipedia.org\/wiki\/Punic_Wars\" target=\"_blank\" rel=\"noreferrer noopener\">Wojna punicka<\/a>Oko\u0142o 200 r. p.n.e. miasto zosta\u0142o niemal ca\u0142kowicie zniszczone. Musia\u0142o czeka\u0107 do ko\u0144ca II wieku p.n.e., aby rozpocz\u0105\u0107 siln\u0105 odbudow\u0119, w ramach kt\u00f3rej wzmocniono mury, stworzono nowe wie\u017ce obronne i ulepszono og\u00f3lny system obronny.<\/p>\n\n\n\n<p>W po\u0142owie I wieku p.n.e. cesarzem Imperium Rzymskiego by\u0142 Augusto. <em>Lucentum<\/em> otrzyma\u0142o status \"municipium\", kt\u00f3ry dawa\u0142 miastu kilka dodatkowych praw w strukturze imperium, takich jak prawo do samorz\u0105dno\u015bci i kilka innych rzymskich struktur prawnych. W tym momencie historii, <strong>miasto otrzyma\u0142o nazw\u0119 <em>Lucentum<\/em>.<\/strong><\/p>\n\n\n\n<figure class=\"wp-block-image size-large\"><img loading=\"lazy\" decoding=\"async\" width=\"1024\" height=\"768\" src=\"https:\/\/alicanteabout.com\/wp-content\/uploads\/2023\/01\/roman-baths-lucentum-alicante-1024x768.jpg\" alt=\"\" class=\"wp-image-4536\" srcset=\"https:\/\/alicanteabout.com\/wp-content\/uploads\/2023\/01\/roman-baths-lucentum-alicante-1024x768.jpg 1024w, https:\/\/alicanteabout.com\/wp-content\/uploads\/2023\/01\/roman-baths-lucentum-alicante-300x225.jpg 300w, https:\/\/alicanteabout.com\/wp-content\/uploads\/2023\/01\/roman-baths-lucentum-alicante-768x576.jpg 768w, https:\/\/alicanteabout.com\/wp-content\/uploads\/2023\/01\/roman-baths-lucentum-alicante-1536x1152.jpg 1536w, https:\/\/alicanteabout.com\/wp-content\/uploads\/2023\/01\/roman-baths-lucentum-alicante-2048x1536.jpg 2048w\" sizes=\"auto, (max-width: 1024px) 100vw, 1024px\" \/><figcaption class=\"wp-element-caption\">\u0141a\u017anie rzymskie w <em>Lucentum<\/em> Alicante<\/figcaption><\/figure>\n\n\n\n<p>W I wieku p.n.e. i I wieku n.e. miasto rozwin\u0119\u0142o si\u0119 w tradycyjne i dobrze prosperuj\u0105ce miasto rzymskie. Zbudowano typowe budynki i struktury: forum, \u0142a\u017anie rzymskie, system kanalizacyjny i \u015bwi\u0105tyni\u0119... miasto rozros\u0142o si\u0119 i rozszerzy\u0142o poza swoje pierwotne mury.<\/p>\n\n\n\n<p>Niestety, pod koniec I wieku n.e. <em>Lucentum<\/em> rozpocz\u0105\u0142 sw\u00f3j ostateczny okres dekadencji, a obywatele znikn\u0119li w III wieku naszej ery z powodu dynamiki gospodarczej i regionalnej.<\/p>\n\n\n\n<p>Przez d\u0142ugi czas miasto by\u0142o wykorzystywane jako kamienio\u0142om dla pobliskich budowli. W VIII i X wieku naszej ery obszar ten by\u0142 wykorzystywany przez muzu\u0142man\u00f3w jako islamski cmentarz.<\/p>\n\n\n\n<p>Stanowisko archeologiczne zosta\u0142o og\u0142oszone <em>Pomnik historyczno-artystyczny<\/em> lub Pomnik Historii i Sztuki w 1961 roku.<\/p>\n\n\n\n<h4 class=\"wp-block-heading\">Jak dotrze\u0107 do <em>Lucentum<\/em><\/h4>\n\n\n\n<p><em>Lucentum<\/em> znajduje si\u0119 na <em>Calle Zeus, 03016, Alicante<\/em>.<\/p>\n\n\n\n<iframe src=\"https:\/\/www.google.com\/maps\/embed?pb=!1m18!1m12!1m3!1d3128.291420047251!2d-0.4401092842106734!3d38.3653793796563!2m3!1f0!2f0!3f0!3m2!1i1024!2i768!4f13.1!3m3!1m2!1s0xd6239ce97fdc60d%3A0x4979229030ae7783!2sLucentum%20Tossal%20de%20Manises!5e0!3m2!1ses!2ses!4v1673526385858!5m2!1ses!2ses\" style=\"border:0;\" allowfullscreen=\"\" loading=\"lazy\" referrerpolicy=\"no-referrer-when-downgrade\" width=\"400\" height=\"300\"><\/iframe>\n\n\n\n<p><a href=\"https:\/\/alicanteabout.com\/pl\/transport\/alicante-ceny-autobusow-rozklady-jazdy-trasy\/\">Autobus<\/a> linia, aby dosta\u0107 si\u0119 do <em>Lucentum<\/em> wynosi 09, a przystanek nosi nazw\u0119 Zeus 3.<\/p>\n\n\n\n<p>Najbli\u017cszy <a href=\"https:\/\/alicanteabout.com\/pl\/transport\/alicante-ceny-tramwajow-rozklady-jazdy-trasy\/\">TRAM<\/a> Przystanek Albufereta na liniach 1, 3, 4 i 5.<\/p>\n\n\n\n<h3 class=\"wp-block-heading\" id=\"illeta-dels-banyets\">La Illeta dels Banyets<\/h3>\n\n\n\n<p>Jest to wa\u017cne stanowisko archeologiczne z pozosta\u0142o\u015bciami z okresu prehistorycznego.<\/p>\n\n\n\n<figure class=\"wp-block-image size-large\"><img loading=\"lazy\" decoding=\"async\" width=\"1024\" height=\"768\" src=\"https:\/\/alicanteabout.com\/wp-content\/uploads\/2023\/01\/entrance-illeta-dels-banyets-1024x768.jpg\" alt=\"\" class=\"wp-image-4542\" srcset=\"https:\/\/alicanteabout.com\/wp-content\/uploads\/2023\/01\/entrance-illeta-dels-banyets-1024x768.jpg 1024w, https:\/\/alicanteabout.com\/wp-content\/uploads\/2023\/01\/entrance-illeta-dels-banyets-300x225.jpg 300w, https:\/\/alicanteabout.com\/wp-content\/uploads\/2023\/01\/entrance-illeta-dels-banyets-768x576.jpg 768w, https:\/\/alicanteabout.com\/wp-content\/uploads\/2023\/01\/entrance-illeta-dels-banyets-1536x1152.jpg 1536w, https:\/\/alicanteabout.com\/wp-content\/uploads\/2023\/01\/entrance-illeta-dels-banyets-2048x1536.jpg 2048w\" sizes=\"auto, (max-width: 1024px) 100vw, 1024px\" \/><figcaption class=\"wp-element-caption\">Wej\u015bcie do La Illeta dels Banyet <\/figcaption><\/figure>\n\n\n\n<p>W czasach, gdy miejsce to by\u0142o zaludnione, by\u0142 to p\u00f3\u0142wysep. W nieznanym roku p\u00f3\u0142wysep zosta\u0142 odci\u0119ty od l\u0105du z powodu trz\u0119sienia ziemi. W 1943 r. zosta\u0142 ponownie przekszta\u0142cony w p\u00f3\u0142wysep, ale nie bez polemiki, poniewa\u017c niekt\u00f3re \u015blady pozosta\u0142o\u015bci zosta\u0142y zniszczone w trakcie tego procesu.<\/p>\n\n\n\n<p>Lokalizacja znajduje si\u0119 w pobliskim mie\u015bcie <em>El Campello<\/em>, oko\u0142o 9 km od centrum Alicante.<\/p>\n\n\n\n<p>Na tym ma\u0142ym p\u00f3\u0142wyspie znajduj\u0105 si\u0119 pami\u0105tki po wielu kulturach i epokach, pocz\u0105wszy od prehistorii, mamy pami\u0105tki z epoki br\u0105zu, Iber\u00f3w, rzymskiego miasta i muzu\u0142ma\u0144skiej okupacji w \u015bredniowieczu.<\/p>\n\n\n\n<figure class=\"wp-block-image size-large\"><img loading=\"lazy\" decoding=\"async\" width=\"1024\" height=\"768\" src=\"https:\/\/alicanteabout.com\/wp-content\/uploads\/2023\/01\/remains-illeta-dels-banyets-1024x768.jpg\" alt=\"\" class=\"wp-image-4544\" srcset=\"https:\/\/alicanteabout.com\/wp-content\/uploads\/2023\/01\/remains-illeta-dels-banyets-1024x768.jpg 1024w, https:\/\/alicanteabout.com\/wp-content\/uploads\/2023\/01\/remains-illeta-dels-banyets-300x225.jpg 300w, https:\/\/alicanteabout.com\/wp-content\/uploads\/2023\/01\/remains-illeta-dels-banyets-768x576.jpg 768w, https:\/\/alicanteabout.com\/wp-content\/uploads\/2023\/01\/remains-illeta-dels-banyets-1536x1152.jpg 1536w, https:\/\/alicanteabout.com\/wp-content\/uploads\/2023\/01\/remains-illeta-dels-banyets-2048x1536.jpg 2048w\" sizes=\"auto, (max-width: 1024px) 100vw, 1024px\" \/><figcaption class=\"wp-element-caption\"> Pozosta\u0142o\u015bci Illeta dels Banyet<\/figcaption><\/figure>\n\n\n\n<p>Kolejna interesuj\u0105ca pozosta\u0142o\u015b\u0107 pochodzi z okresu rzymskiego. Zbudowali oni ma\u0142\u0105 farm\u0119 rybn\u0105 na morzu. Z 4 stawami ma dwa kana\u0142y do od\u015bwie\u017cania wody z wody morskiej. Stawy s\u0105 po\u0142\u0105czone pionowymi szczelinami, kt\u00f3re mo\u017cna zamkn\u0105\u0107 za pomoc\u0105 drzwi.<\/p>\n\n\n\n<figure class=\"wp-block-image size-large\"><img loading=\"lazy\" decoding=\"async\" width=\"1024\" height=\"768\" src=\"https:\/\/alicanteabout.com\/wp-content\/uploads\/2023\/01\/fish-farms-illeta-dels-banyeets-alicante-1024x768.jpg\" alt=\"\" class=\"wp-image-4546\" srcset=\"https:\/\/alicanteabout.com\/wp-content\/uploads\/2023\/01\/fish-farms-illeta-dels-banyeets-alicante-1024x768.jpg 1024w, https:\/\/alicanteabout.com\/wp-content\/uploads\/2023\/01\/fish-farms-illeta-dels-banyeets-alicante-300x225.jpg 300w, https:\/\/alicanteabout.com\/wp-content\/uploads\/2023\/01\/fish-farms-illeta-dels-banyeets-alicante-768x576.jpg 768w, https:\/\/alicanteabout.com\/wp-content\/uploads\/2023\/01\/fish-farms-illeta-dels-banyeets-alicante-1536x1152.jpg 1536w, https:\/\/alicanteabout.com\/wp-content\/uploads\/2023\/01\/fish-farms-illeta-dels-banyeets-alicante-2048x1536.jpg 2048w\" sizes=\"auto, (max-width: 1024px) 100vw, 1024px\" \/><figcaption class=\"wp-element-caption\"> Pozosta\u0142o\u015bci farmy rybnej Illeta dels Banyet<\/figcaption><\/figure>\n\n\n\n<p>Pozosta\u0142o\u015bci tego typu hodowli ryb znajduj\u0105 si\u0119 jedynie w prowincji Alicante i na niekt\u00f3rych obszarach we W\u0142oszech.<\/p>\n\n\n\n<p>Je\u015bli jest lato, jest jeszcze jedna interesuj\u0105ca aktywno\u015b\u0107 do zrobienia w tym miejscu. Farma rybna jest bezp\u0142atna, a p\u0142ywanie jest dozwolone.<\/p>\n\n\n\n<p>Je\u015bli chcesz nurkowa\u0107 z rurk\u0105, wok\u00f3\u0142 ma\u0142ego p\u00f3\u0142wyspu biegnie \u0142adna trasa, w tym farma rybna.<\/p>\n\n\n\n<figure class=\"wp-block-image size-large\"><img loading=\"lazy\" decoding=\"async\" width=\"1024\" height=\"768\" src=\"https:\/\/alicanteabout.com\/wp-content\/uploads\/2023\/01\/snorkel-route-illeta-dels-banyets-alicante-1024x768.jpg\" alt=\"\" class=\"wp-image-4548\" srcset=\"https:\/\/alicanteabout.com\/wp-content\/uploads\/2023\/01\/snorkel-route-illeta-dels-banyets-alicante-1024x768.jpg 1024w, https:\/\/alicanteabout.com\/wp-content\/uploads\/2023\/01\/snorkel-route-illeta-dels-banyets-alicante-300x225.jpg 300w, https:\/\/alicanteabout.com\/wp-content\/uploads\/2023\/01\/snorkel-route-illeta-dels-banyets-alicante-768x576.jpg 768w, https:\/\/alicanteabout.com\/wp-content\/uploads\/2023\/01\/snorkel-route-illeta-dels-banyets-alicante-1536x1152.jpg 1536w, https:\/\/alicanteabout.com\/wp-content\/uploads\/2023\/01\/snorkel-route-illeta-dels-banyets-alicante-2048x1536.jpg 2048w\" sizes=\"auto, (max-width: 1024px) 100vw, 1024px\" \/><figcaption class=\"wp-element-caption\">Trasa do nurkowania z rurk\u0105 w Illeta Dels Banyets<\/figcaption><\/figure>\n\n\n\n<h4 class=\"wp-block-heading\">Jak dojecha\u0107 do Illeta Dels Banyets<\/h4>\n\n\n\n<p>Adres obiektu La Illeta Dels Banyets to <em>Partida Almadrava, 03560 El Campello, Alicante<\/em>, 15 km od centrum Alicante.<\/p>\n\n\n\n<iframe src=\"https:\/\/www.google.com\/maps\/embed?pb=!1m18!1m12!1m3!1d3125.3986692370836!2d-0.3840729842091451!3d38.43225947964515!2m3!1f0!2f0!3f0!3m2!1i1024!2i768!4f13.1!3m3!1m2!1s0xd623b85480664a1%3A0x3bd3be681e37e76a!2sIlleta%20dels%20Banyets!5e0!3m2!1ses!2ses!4v1673532202532!5m2!1ses!2ses\" style=\"border:0;\" allowfullscreen=\"\" loading=\"lazy\" referrerpolicy=\"no-referrer-when-downgrade\" width=\"400\" height=\"300\"><\/iframe>\n\n\n\n<p>Przez <a href=\"https:\/\/alicanteabout.com\/pl\/transport\/alicante-ceny-tramwajow-rozklady-jazdy-trasy\/\">TRAM<\/a>mo\u017cna u\u017cy\u0107 <a href=\"https:\/\/alicanteabout.com\/pl\/transport\/alicante-do-benidorm-transfery-miejskie-i-lotniskowe-autobus-tramwaj-taksowka-i-ceny\/\">TRAM linia 1 do Benidorm<\/a> i wystartowa\u0107 na <em>Poble Espanyol<\/em> aby nast\u0119pnie spacerowa\u0107 przez oko\u0142o 15 minut.<\/p>\n\n\n\n<p>Inn\u0105 opcj\u0105 jest u\u017cycie <a href=\"https:\/\/alicanteabout.com\/pl\/transport\/alicante-ceny-tramwajow-rozklady-jazdy-trasy\/\">TRAM<\/a> lini\u0105 3 do Campello i wysi\u0105\u015b\u0107 na ostatnim przystanku o tej samej nazwie: Campello. Spacer do stanowiska archeologicznego zajmuje oko\u0142o 18 minut.<\/p>\n\n\n\n<p>Przez <a href=\"https:\/\/alicanteabout.com\/pl\/transport\/alicante-ceny-autobusow-rozklady-jazdy-trasy\/\">autobus<\/a>Linia numer 21 obs\u0142uguje tras\u0119 Alicante-Campello.<\/p>\n\n\n\n<p>Zar\u00f3wno w przypadku autobus\u00f3w, jak i tramwaj\u00f3w TRAM nie trzeba p\u0142aci\u0107 za dodatkowe strefy, aby dosta\u0107 si\u0119 do Campello, wystarczy ten sam bilet lub karta podr\u00f3\u017cna u\u017cywana w innych miejscach w Alicante.<\/p>\n\n\n\n<h3 class=\"wp-block-heading\">Inne stanowiska archeologiczne zarz\u0105dzane przez Muzeum MARQ<\/h3>\n\n\n\n<p>Istniej\u0105 jeszcze dwa stanowiska archeologiczne zarz\u0105dzane przez muzeum MARQ.<\/p>\n\n\n\n<p>S\u0105 one bardziej oddalone, a transport publiczny, aby si\u0119 tam dosta\u0107, nie istnieje.<\/p>\n\n\n\n<p><em>La Cova de L'Or,<\/em> w mie\u015bcie Beniarres znajduje si\u0119 zatoczka, z kt\u00f3rej korzystali nasi neolityczni przodkowie. Aby j\u0105 odwiedzi\u0107, nale\u017cy wcze\u015bniej zarezerwowa\u0107 wizyt\u0119 z przewodnikiem.<\/p>\n\n\n\n<p>Rozk\u0142ad jazdy jest w sobot\u0119 i niedziel\u0119 od 9 rano do 2 po po\u0142udniu. Op\u0142ata wynosi 5 \u20ac.<\/p>\n\n\n\n<p><em>Santuario de Pla de Petracos<\/em>w mie\u015bcie <em>Castell de Castells<\/em>jest miejscem sztuki makrochemicznej. Zwiedzanie odbywa si\u0119 z przewodnikiem: Od poniedzia\u0142ku do czwartku nale\u017cy dokona\u0107 rezerwacji pod numerem +34 965 518 067. W pi\u0105tki i soboty zwiedzanie odbywa si\u0119 w godzinach 11-13 i 17-18.<\/p>\n\n\n\n<p>Wizyty mo\u017cna zarezerwowa\u0107 na stronie muzeum MARQ lub na stronie <a href=\"https:\/\/www.marqalicante.com\/Paginas\/eng\/Deposits-P22-M10.html\" rel=\"nofollow\">ich strona internetowa<\/a>.<\/p>","protected":false},"excerpt":{"rendered":"<p>Alicante has several museums explaining the history and culture of the city and province of Alicante. The MARQ Museum is an archaeological exhibition of objects of the province of Alicante corresponding to different Ages: Prehistory, Iberian, Roman, Middle Ages and Modern and Contemporary. Through the items, we get a good idea of the culture, economics [&hellip;]<\/p>\n","protected":false},"author":1,"featured_media":6545,"comment_status":"open","ping_status":"closed","sticky":false,"template":"","format":"standard","meta":{"footnotes":""},"categories":[38],"tags":[124],"class_list":["post-4407","post","type-post","status-publish","format-standard","has-post-thumbnail","hentry","category-things-to-know","tag-museum"],"yoast_head":"<!-- This site is optimized with the Yoast SEO plugin v27.1.1 - https:\/\/yoast.com\/product\/yoast-seo-wordpress\/ -->\n<title>MARQ Archaeological Museum in Alicante - Guide for 2024 - AlicanteAbout.com<\/title>\n<meta name=\"description\" content=\"The MARQ Museum is an archaeological exhibition corresponding to different Ages: Prehistory, Iberian, Roman, Middle Ages and Modern.\" \/>\n<meta name=\"robots\" content=\"index, follow, max-snippet:-1, max-image-preview:large, max-video-preview:-1\" \/>\n<link rel=\"canonical\" href=\"https:\/\/alicanteabout.com\/pl\/rzeczy-o-ktorych-warto-wiedziec\/muzeum-archeologiczne-marq-w-alicante\/\" \/>\n<meta property=\"og:locale\" content=\"pl_PL\" \/>\n<meta property=\"og:type\" content=\"article\" \/>\n<meta property=\"og:title\" content=\"MARQ Archaeological Museum in Alicante - Guide for 2024 - AlicanteAbout.com\" \/>\n<meta property=\"og:description\" content=\"The MARQ Museum is an archaeological exhibition corresponding to different Ages: Prehistory, Iberian, Roman, Middle Ages and Modern.\" \/>\n<meta property=\"og:url\" content=\"https:\/\/alicanteabout.com\/pl\/rzeczy-o-ktorych-warto-wiedziec\/muzeum-archeologiczne-marq-w-alicante\/\" \/>\n<meta property=\"og:site_name\" content=\"AlicanteAbout.com\" \/>\n<meta property=\"article:publisher\" content=\"https:\/\/www.facebook.com\/AlicanteAbout\" \/>\n<meta property=\"article:published_time\" content=\"2022-12-30T15:03:56+00:00\" \/>\n<meta property=\"article:modified_time\" content=\"2026-03-06T23:31:54+00:00\" \/>\n<meta property=\"og:image\" content=\"https:\/\/alicanteabout.com\/wp-content\/uploads\/2024\/04\/marq-museum-entrance-scaled.jpg\" \/>\n\t<meta property=\"og:image:width\" content=\"2560\" \/>\n\t<meta property=\"og:image:height\" content=\"1920\" \/>\n\t<meta property=\"og:image:type\" content=\"image\/jpeg\" \/>\n<meta name=\"author\" content=\"VictorSesma\" \/>\n<meta name=\"twitter:card\" content=\"summary_large_image\" \/>\n<meta name=\"twitter:creator\" content=\"@VictorSesma_\" \/>\n<meta name=\"twitter:site\" content=\"@AlicanteAbout\" \/>\n<meta name=\"twitter:label1\" content=\"Napisane przez\" \/>\n\t<meta name=\"twitter:data1\" content=\"VictorSesma\" \/>\n\t<meta name=\"twitter:label2\" content=\"Szacowany czas czytania\" \/>\n\t<meta name=\"twitter:data2\" content=\"11 minut\" \/>\n<script type=\"application\/ld+json\" class=\"yoast-schema-graph\">{\"@context\":\"https:\/\/schema.org\",\"@graph\":[{\"@type\":\"Article\",\"@id\":\"https:\/\/alicanteabout.com\/things-to-know\/marq-archaeological-museum-in-alicante\/#article\",\"isPartOf\":{\"@id\":\"https:\/\/alicanteabout.com\/things-to-know\/marq-archaeological-museum-in-alicante\/\"},\"author\":{\"name\":\"VictorSesma\",\"@id\":\"https:\/\/alicanteabout.com\/#\/schema\/person\/a7d046d7b26df76ff16c9f82ffe46613\"},\"headline\":\"MARQ Archaeological Museum in Alicante &#8211; Guide for 2024\",\"datePublished\":\"2022-12-30T15:03:56+00:00\",\"dateModified\":\"2026-03-06T23:31:54+00:00\",\"mainEntityOfPage\":{\"@id\":\"https:\/\/alicanteabout.com\/things-to-know\/marq-archaeological-museum-in-alicante\/\"},\"wordCount\":1659,\"commentCount\":0,\"image\":{\"@id\":\"https:\/\/alicanteabout.com\/things-to-know\/marq-archaeological-museum-in-alicante\/#primaryimage\"},\"thumbnailUrl\":\"https:\/\/alicanteabout.com\/wp-content\/uploads\/2024\/04\/marq-museum-entrance-scaled.jpg\",\"keywords\":[\"Museum\"],\"articleSection\":[\"Things To Know\"],\"inLanguage\":\"pl-PL\",\"potentialAction\":[{\"@type\":\"CommentAction\",\"name\":\"Comment\",\"target\":[\"https:\/\/alicanteabout.com\/things-to-know\/marq-archaeological-museum-in-alicante\/#respond\"]}]},{\"@type\":\"WebPage\",\"@id\":\"https:\/\/alicanteabout.com\/things-to-know\/marq-archaeological-museum-in-alicante\/\",\"url\":\"https:\/\/alicanteabout.com\/things-to-know\/marq-archaeological-museum-in-alicante\/\",\"name\":\"MARQ Archaeological Museum in Alicante - Guide for 2024 - AlicanteAbout.com\",\"isPartOf\":{\"@id\":\"https:\/\/alicanteabout.com\/#website\"},\"primaryImageOfPage\":{\"@id\":\"https:\/\/alicanteabout.com\/things-to-know\/marq-archaeological-museum-in-alicante\/#primaryimage\"},\"image\":{\"@id\":\"https:\/\/alicanteabout.com\/things-to-know\/marq-archaeological-museum-in-alicante\/#primaryimage\"},\"thumbnailUrl\":\"https:\/\/alicanteabout.com\/wp-content\/uploads\/2024\/04\/marq-museum-entrance-scaled.jpg\",\"datePublished\":\"2022-12-30T15:03:56+00:00\",\"dateModified\":\"2026-03-06T23:31:54+00:00\",\"author\":{\"@id\":\"https:\/\/alicanteabout.com\/#\/schema\/person\/a7d046d7b26df76ff16c9f82ffe46613\"},\"description\":\"The MARQ Museum is an archaeological exhibition corresponding to different Ages: Prehistory, Iberian, Roman, Middle Ages and Modern.\",\"breadcrumb\":{\"@id\":\"https:\/\/alicanteabout.com\/things-to-know\/marq-archaeological-museum-in-alicante\/#breadcrumb\"},\"inLanguage\":\"pl-PL\",\"potentialAction\":[{\"@type\":\"ReadAction\",\"target\":[\"https:\/\/alicanteabout.com\/things-to-know\/marq-archaeological-museum-in-alicante\/\"]}]},{\"@type\":\"ImageObject\",\"inLanguage\":\"pl-PL\",\"@id\":\"https:\/\/alicanteabout.com\/things-to-know\/marq-archaeological-museum-in-alicante\/#primaryimage\",\"url\":\"https:\/\/alicanteabout.com\/wp-content\/uploads\/2024\/04\/marq-museum-entrance-scaled.jpg\",\"contentUrl\":\"https:\/\/alicanteabout.com\/wp-content\/uploads\/2024\/04\/marq-museum-entrance-scaled.jpg\",\"width\":2560,\"height\":1920,\"caption\":\"Marq Museum Alicante entrance\"},{\"@type\":\"BreadcrumbList\",\"@id\":\"https:\/\/alicanteabout.com\/things-to-know\/marq-archaeological-museum-in-alicante\/#breadcrumb\",\"itemListElement\":[{\"@type\":\"ListItem\",\"position\":1,\"name\":\"Home\",\"item\":\"https:\/\/alicanteabout.com\/\"},{\"@type\":\"ListItem\",\"position\":2,\"name\":\"MARQ Archaeological Museum in Alicante &#8211; Guide for 2024\"}]},{\"@type\":\"WebSite\",\"@id\":\"https:\/\/alicanteabout.com\/#website\",\"url\":\"https:\/\/alicanteabout.com\/\",\"name\":\"AlicanteAbout.com\",\"description\":\"Your Guide to Alicante [By an Alicantinian]\",\"potentialAction\":[{\"@type\":\"SearchAction\",\"target\":{\"@type\":\"EntryPoint\",\"urlTemplate\":\"https:\/\/alicanteabout.com\/?s={search_term_string}\"},\"query-input\":{\"@type\":\"PropertyValueSpecification\",\"valueRequired\":true,\"valueName\":\"search_term_string\"}}],\"inLanguage\":\"pl-PL\"},{\"@type\":\"Person\",\"@id\":\"https:\/\/alicanteabout.com\/#\/schema\/person\/a7d046d7b26df76ff16c9f82ffe46613\",\"name\":\"VictorSesma\",\"image\":{\"@type\":\"ImageObject\",\"inLanguage\":\"pl-PL\",\"@id\":\"https:\/\/alicanteabout.com\/#\/schema\/person\/image\/\",\"url\":\"https:\/\/secure.gravatar.com\/avatar\/4c5e28cd336f9d14835224a24b5dcab3f127cd8a4095f0a20ae4998943be87fa?s=96&d=mm&r=g\",\"contentUrl\":\"https:\/\/secure.gravatar.com\/avatar\/4c5e28cd336f9d14835224a24b5dcab3f127cd8a4095f0a20ae4998943be87fa?s=96&d=mm&r=g\",\"caption\":\"VictorSesma\"},\"description\":\"Hey, I am Victor Sesma, the Alicantinian living in London. The duality of living in both worlds helps me understand what people need to know about Alicante. My first-hand experience about the city I am from helps me write the most useful resources on the internet about Alicante. I work as a Software Engineer and thrive writing about the city I was born.\",\"sameAs\":[\"https:\/\/victorsesma.com\",\"https:\/\/www.linkedin.com\/in\/victor-sesma-3b2291104\/\",\"https:\/\/x.com\/VictorSesma_\"],\"url\":\"https:\/\/alicanteabout.com\/pl\/author\/victorsesma\/\"}]}<\/script>\n<!-- \/ Yoast SEO plugin. -->","yoast_head_json":{"title":"Muzeum Archeologiczne MARQ w Alicante - Przewodnik na rok 2024 - AlicanteAbout.com","description":"Muzeum MARQ to wystawa archeologiczna odpowiadaj\u0105ca r\u00f3\u017cnym epokom: Prehistorii, Iberyjskiej, Rzymskiej, \u015aredniowiecznej i Wsp\u00f3\u0142czesnej.","robots":{"index":"index","follow":"follow","max-snippet":"max-snippet:-1","max-image-preview":"max-image-preview:large","max-video-preview":"max-video-preview:-1"},"canonical":"https:\/\/alicanteabout.com\/pl\/rzeczy-o-ktorych-warto-wiedziec\/muzeum-archeologiczne-marq-w-alicante\/","og_locale":"pl_PL","og_type":"article","og_title":"MARQ Archaeological Museum in Alicante - Guide for 2024 - AlicanteAbout.com","og_description":"The MARQ Museum is an archaeological exhibition corresponding to different Ages: Prehistory, Iberian, Roman, Middle Ages and Modern.","og_url":"https:\/\/alicanteabout.com\/pl\/rzeczy-o-ktorych-warto-wiedziec\/muzeum-archeologiczne-marq-w-alicante\/","og_site_name":"AlicanteAbout.com","article_publisher":"https:\/\/www.facebook.com\/AlicanteAbout","article_published_time":"2022-12-30T15:03:56+00:00","article_modified_time":"2026-03-06T23:31:54+00:00","og_image":[{"width":2560,"height":1920,"url":"https:\/\/alicanteabout.com\/wp-content\/uploads\/2024\/04\/marq-museum-entrance-scaled.jpg","type":"image\/jpeg"}],"author":"VictorSesma","twitter_card":"summary_large_image","twitter_creator":"@VictorSesma_","twitter_site":"@AlicanteAbout","twitter_misc":{"Napisane przez":"VictorSesma","Szacowany czas czytania":"11 minut"},"schema":{"@context":"https:\/\/schema.org","@graph":[{"@type":"Article","@id":"https:\/\/alicanteabout.com\/things-to-know\/marq-archaeological-museum-in-alicante\/#article","isPartOf":{"@id":"https:\/\/alicanteabout.com\/things-to-know\/marq-archaeological-museum-in-alicante\/"},"author":{"name":"VictorSesma","@id":"https:\/\/alicanteabout.com\/#\/schema\/person\/a7d046d7b26df76ff16c9f82ffe46613"},"headline":"MARQ Archaeological Museum in Alicante &#8211; Guide for 2024","datePublished":"2022-12-30T15:03:56+00:00","dateModified":"2026-03-06T23:31:54+00:00","mainEntityOfPage":{"@id":"https:\/\/alicanteabout.com\/things-to-know\/marq-archaeological-museum-in-alicante\/"},"wordCount":1659,"commentCount":0,"image":{"@id":"https:\/\/alicanteabout.com\/things-to-know\/marq-archaeological-museum-in-alicante\/#primaryimage"},"thumbnailUrl":"https:\/\/alicanteabout.com\/wp-content\/uploads\/2024\/04\/marq-museum-entrance-scaled.jpg","keywords":["Museum"],"articleSection":["Things To Know"],"inLanguage":"pl-PL","potentialAction":[{"@type":"CommentAction","name":"Comment","target":["https:\/\/alicanteabout.com\/things-to-know\/marq-archaeological-museum-in-alicante\/#respond"]}]},{"@type":"WebPage","@id":"https:\/\/alicanteabout.com\/things-to-know\/marq-archaeological-museum-in-alicante\/","url":"https:\/\/alicanteabout.com\/things-to-know\/marq-archaeological-museum-in-alicante\/","name":"Muzeum Archeologiczne MARQ w Alicante - Przewodnik na rok 2024 - AlicanteAbout.com","isPartOf":{"@id":"https:\/\/alicanteabout.com\/#website"},"primaryImageOfPage":{"@id":"https:\/\/alicanteabout.com\/things-to-know\/marq-archaeological-museum-in-alicante\/#primaryimage"},"image":{"@id":"https:\/\/alicanteabout.com\/things-to-know\/marq-archaeological-museum-in-alicante\/#primaryimage"},"thumbnailUrl":"https:\/\/alicanteabout.com\/wp-content\/uploads\/2024\/04\/marq-museum-entrance-scaled.jpg","datePublished":"2022-12-30T15:03:56+00:00","dateModified":"2026-03-06T23:31:54+00:00","author":{"@id":"https:\/\/alicanteabout.com\/#\/schema\/person\/a7d046d7b26df76ff16c9f82ffe46613"},"description":"Muzeum MARQ to wystawa archeologiczna odpowiadaj\u0105ca r\u00f3\u017cnym epokom: Prehistorii, Iberyjskiej, Rzymskiej, \u015aredniowiecznej i Wsp\u00f3\u0142czesnej.","breadcrumb":{"@id":"https:\/\/alicanteabout.com\/things-to-know\/marq-archaeological-museum-in-alicante\/#breadcrumb"},"inLanguage":"pl-PL","potentialAction":[{"@type":"ReadAction","target":["https:\/\/alicanteabout.com\/things-to-know\/marq-archaeological-museum-in-alicante\/"]}]},{"@type":"ImageObject","inLanguage":"pl-PL","@id":"https:\/\/alicanteabout.com\/things-to-know\/marq-archaeological-museum-in-alicante\/#primaryimage","url":"https:\/\/alicanteabout.com\/wp-content\/uploads\/2024\/04\/marq-museum-entrance-scaled.jpg","contentUrl":"https:\/\/alicanteabout.com\/wp-content\/uploads\/2024\/04\/marq-museum-entrance-scaled.jpg","width":2560,"height":1920,"caption":"Marq Museum Alicante entrance"},{"@type":"BreadcrumbList","@id":"https:\/\/alicanteabout.com\/things-to-know\/marq-archaeological-museum-in-alicante\/#breadcrumb","itemListElement":[{"@type":"ListItem","position":1,"name":"Home","item":"https:\/\/alicanteabout.com\/"},{"@type":"ListItem","position":2,"name":"MARQ Archaeological Museum in Alicante &#8211; Guide for 2024"}]},{"@type":"WebSite","@id":"https:\/\/alicanteabout.com\/#website","url":"https:\/\/alicanteabout.com\/","name":"AlicanteAbout.com","description":"Your Guide to Alicante [By an Alicantinian]","potentialAction":[{"@type":"SearchAction","target":{"@type":"EntryPoint","urlTemplate":"https:\/\/alicanteabout.com\/?s={search_term_string}"},"query-input":{"@type":"PropertyValueSpecification","valueRequired":true,"valueName":"search_term_string"}}],"inLanguage":"pl-PL"},{"@type":"Person","@id":"https:\/\/alicanteabout.com\/#\/schema\/person\/a7d046d7b26df76ff16c9f82ffe46613","name":"VictorSesma","image":{"@type":"ImageObject","inLanguage":"pl-PL","@id":"https:\/\/alicanteabout.com\/#\/schema\/person\/image\/","url":"https:\/\/secure.gravatar.com\/avatar\/4c5e28cd336f9d14835224a24b5dcab3f127cd8a4095f0a20ae4998943be87fa?s=96&d=mm&r=g","contentUrl":"https:\/\/secure.gravatar.com\/avatar\/4c5e28cd336f9d14835224a24b5dcab3f127cd8a4095f0a20ae4998943be87fa?s=96&d=mm&r=g","caption":"VictorSesma"},"description":"Hej, jestem Victor Sesma, mieszkaniec Alicante mieszkaj\u0105cy w Londynie. Dwoisto\u015b\u0107 \u017cycia w obu \u015bwiatach pomaga mi zrozumie\u0107, co ludzie powinni wiedzie\u0107 o Alicante. Moje do\u015bwiadczenie z pierwszej r\u0119ki na temat miasta, z kt\u00f3rego pochodz\u0119, pomaga mi pisa\u0107 najbardziej przydatne zasoby w Internecie na temat Alicante. Pracuj\u0119 jako in\u017cynier oprogramowania i czerpi\u0119 rado\u015b\u0107 z pisania o mie\u015bcie, w kt\u00f3rym si\u0119 urodzi\u0142em.","sameAs":["https:\/\/victorsesma.com","https:\/\/www.linkedin.com\/in\/victor-sesma-3b2291104\/","https:\/\/x.com\/VictorSesma_"],"url":"https:\/\/alicanteabout.com\/pl\/author\/victorsesma\/"}]}},"_links":{"self":[{"href":"https:\/\/alicanteabout.com\/pl\/wp-json\/wp\/v2\/posts\/4407","targetHints":{"allow":["GET"]}}],"collection":[{"href":"https:\/\/alicanteabout.com\/pl\/wp-json\/wp\/v2\/posts"}],"about":[{"href":"https:\/\/alicanteabout.com\/pl\/wp-json\/wp\/v2\/types\/post"}],"author":[{"embeddable":true,"href":"https:\/\/alicanteabout.com\/pl\/wp-json\/wp\/v2\/users\/1"}],"replies":[{"embeddable":true,"href":"https:\/\/alicanteabout.com\/pl\/wp-json\/wp\/v2\/comments?post=4407"}],"version-history":[{"count":48,"href":"https:\/\/alicanteabout.com\/pl\/wp-json\/wp\/v2\/posts\/4407\/revisions"}],"predecessor-version":[{"id":6552,"href":"https:\/\/alicanteabout.com\/pl\/wp-json\/wp\/v2\/posts\/4407\/revisions\/6552"}],"wp:featuredmedia":[{"embeddable":true,"href":"https:\/\/alicanteabout.com\/pl\/wp-json\/wp\/v2\/media\/6545"}],"wp:attachment":[{"href":"https:\/\/alicanteabout.com\/pl\/wp-json\/wp\/v2\/media?parent=4407"}],"wp:term":[{"taxonomy":"category","embeddable":true,"href":"https:\/\/alicanteabout.com\/pl\/wp-json\/wp\/v2\/categories?post=4407"},{"taxonomy":"post_tag","embeddable":true,"href":"https:\/\/alicanteabout.com\/pl\/wp-json\/wp\/v2\/tags?post=4407"}],"curies":[{"name":"wp","href":"https:\/\/api.w.org\/{rel}","templated":true}]}}